{"id":94,"date":"2015-12-15T12:48:33","date_gmt":"2015-12-15T11:48:33","guid":{"rendered":"http:\/\/www.povinneruceni.top\/clanky\/?p=94"},"modified":"2015-12-15T12:48:33","modified_gmt":"2015-12-15T11:48:33","slug":"zmeny-prichazejici-s-novym-rokem-2016-zasahnou-i-skodu","status":"publish","type":"post","link":"https:\/\/www.povinneruceni.top\/clanky\/zmeny-prichazejici-s-novym-rokem-2016-zasahnou-i-skodu\/","title":{"rendered":"Zm\u011bny p\u0159ich\u00e1zej\u00edc\u00ed s nov\u00fdm rokem 2016 zas\u00e1hnou i \u0160kodu"},"content":{"rendered":"<p><strong>\u0160koda\u00a0ji\u017e d\u00e1vno jen nekop\u00edruje inovace sv\u00fdch sousedn\u00edch rival\u016f, ale dok\u00e1\u017ee se zhostit sv\u00e9 \u00falohy, co by jedni\u010dky na tuzemsk\u00e9m trhu s ve\u0161kerou gr\u00e1ci\u00ed. Rok 2016 sebou p\u0159in\u00e1\u0161\u00ed celou \u0159adu zaj\u00edmav\u00fdch zm\u011bn, z v\u011bt\u0161inov\u00e9ho hlediska se v\u0161ak t\u00fdkaj\u00ed p\u0159edev\u0161\u00edm motorizace. Ten, kdo o \u017e\u00e1dn\u00e9 z p\u0159ipraven\u00fdch zm\u011bn nesly\u0161el, ur\u010dit\u011b nejv\u00edce p\u0159ekvap\u00ed zcela nov\u00e9 vybaven\u00ed automobil\u016f v podob\u011b motor\u016f spl\u0148uj\u00edc\u00edch novou normu zvanou Euro 6. Tento nejv\u00fdrazn\u011bj\u0161\u00ed z\u00e1sah do v\u00fdbavy se stane sou\u010d\u00e1st\u00ed v\u0161ech vyr\u00e1b\u011bn\u00fdch voz\u016f krom\u011b Superbu a Roomsteru. Superb se toti\u017e je\u0161t\u011b neza\u010dal ani vyr\u00e1b\u011bt a Roomster v roce 2015 v\u00fdrobu naopak ukon\u010duje.<\/strong><\/p>\n<h3>Motory Euro 6 a inovace v interi\u00e9ru<\/h3>\n<p>Nenechme se dlouho p\u0159emlouvat a nahl\u00e9dn\u011bme do interi\u00e9ru jednotliv\u00fdch voz\u016f. Na prvn\u00ed pohled ihned zaujmou volanty s nov\u00fdm logem zna\u010dky. V\u00fdvoj\u00e1\u0159i kladli maxim\u00e1ln\u00ed d\u016fraz na zdokonalen\u00ed ergonomie, \u010d\u00edm\u017e l\u00e9pe padne do ruky. Mladoboleslavsk\u00e1 automobilka se rovn\u011b\u017e rozhodla zjednodu\u0161it ozna\u010dov\u00e1n\u00ed jednotliv\u00fdch model\u016f podle stupn\u011b jejich v\u00fdbavy. V\u0161echny typy aut v kategorii elegance z\u00edskaj\u00ed leh\u010d\u00ed v\u00fdb\u011br v\u00fdbavy a n\u00e1sledn\u011b budou p\u0159ejmenov\u00e1ny na Style.<\/p>\n<p>Hlavn\u00ed pozornost na sebe vztahuj\u00ed motory nov\u00e9 generace, kter\u00e9 budou ekologi\u010dt\u011bj\u0161\u00ed a poskytnou u\u017eivatel\u016fm mnohem ni\u017e\u0161\u00ed spot\u0159ebu paliva. K v\u00fdrob\u011b se tak ji\u017e nebudou pou\u017e\u00edvat motory, kter\u00e9 zn\u00e1me pod ozna\u010den\u00edm Green Line. Pro rok 2016 zkr\u00e1tka nespl\u0148uj\u00ed p\u0159edpoklady pro ekologickou optimalizaci. Nav\u00edc se ve v\u0161ech vozech setk\u00e1me i s p\u0159\u00edjemn\u00fdm syst\u00e9mem Start\/Stop nebo rekuperac\u00ed brzdn\u00e9 energie. Automobilka \u0160koda ve sv\u00e9m technologick\u00e9m pokroku a neust\u00e1l\u00e9m zdokonalov\u00e1n\u00ed nezah\u00e1l\u00ed a sna\u017e\u00ed se udr\u017eet krok se sv\u011btovou \u0161pi\u010dkou ve sv\u00e9 t\u0159\u00edd\u011b.<\/p>\n<h3>A kdo z\u00edsk\u00e1 n\u011bco nav\u00edc do z\u00e1kladn\u00ed v\u00fdbavy<\/h3>\n<p>Spole\u010dnost u ok\u0159\u00eddlen\u00e9ho \u0161\u00edpu nezapom\u00edn\u00e1 ani na pravideln\u00e9 vylep\u0161ov\u00e1n\u00ed z\u00e1kladn\u00ed v\u00fdbavy sv\u00fdch automobil\u016f. Nejv\u011bt\u0161\u00ed pozornosti se do\u010dkal model Rapid. Od roku 2016 se p\u0159i jeho v\u00fdrob\u011b neopomene na multikolizn\u00ed brzdu, kter\u00e1 se stane p\u0159\u00eddavn\u00fdm dopl\u0148kem standardn\u00ed ESP. Z\u00e1rove\u0148 stoj\u00ed za zm\u00ednku funkce stability p\u0159\u00edv\u011bsu.<\/p>\n<p>Silnice jsou ka\u017ed\u00fdm rokem st\u00e1le nebezpe\u010dn\u011bj\u0161\u00ed a to z d\u016fvodu v\u011bt\u0161\u00edho po\u010dtu \u0159idi\u010d\u016f a n\u00edzk\u00e9 \u00farovn\u011b kvality pozemn\u00edch komunikac\u00ed. Vedle t\u011bchto negativn\u00edch aspekt\u016f nesm\u00edme zapomenout t\u00e9\u017e na lidsk\u00fd faktor. \u017d\u00e1dn\u00e9 auto v\u00e1m v sou\u010dasn\u00e9 dob\u011b nezak\u00e1\u017ee j\u00edzdu v podnapil\u00e9m stavu. Rapid v\u00e1s v\u0161ak v z\u00e1kladn\u00ed v\u00fdbav\u011b ( za men\u0161\u00ed p\u0159\u00edplatek ) ochr\u00e1n\u00ed p\u0159ed mikrosp\u00e1nkem. Zm\u011bny se v\u0161ak t\u00fdkaj\u00ed i designu karos\u00e9rie a sm\u011brovek, je\u017e se stanou sou\u010d\u00e1st\u00ed zp\u011btn\u00fdch zrc\u00e1tek.<\/p>\n<h4>Fabie<\/h4>\n<p>Zm\u011bny se nevyhnou ani model\u016fm Fabie, u nich\u017e nov\u00fd majitel\u00e9 objev\u00ed integrovanou navigaci Amundsen.<\/p>\n<h4>Octavie<\/h4>\n<p>Model Octavie na druhou stranu nab\u00eddne novou sadu kol.<\/p>\n\n<div class=\"kk-star-ratings\n     kksr-valign-bottom     kksr-align-left    \"\n    data-payload=\"{&quot;align&quot;:&quot;left&quot;,&quot;id&quot;:&quot;94&quot;,&quot;slug&quot;:&quot;default&quot;,&quot;valign&quot;:&quot;bottom&quot;,&quot;reference&quot;:&quot;auto&quot;,&quot;count&quot;:&quot;1&quot;,&quot;readonly&quot;:&quot;&quot;,&quot;score&quot;:&quot;5&quot;,&quot;best&quot;:&quot;5&quot;,&quot;gap&quot;:&quot;5&quot;,&quot;greet&quot;:&quot;Rate this post&quot;,&quot;legend&quot;:&quot;5\\\/5 - (1 vote)&quot;,&quot;size&quot;:&quot;24&quot;,&quot;width&quot;:&quot;142.5&quot;,&quot;_legend&quot;:&quot;{score}\\\/{best} - ({count} {votes})&quot;}\">\n    \n<div class=\"kksr-stars\">\n    \n<div class=\"kksr-stars-inactive\">\n            <div class=\"kksr-star\" data-star=\"1\" style=\"padding-right: 5px\">\n            \n\n<div class=\"kksr-icon\" style=\"width: 24px; height: 24px;\"><\/div>\n        <\/div>\n            <div class=\"kksr-star\" data-star=\"2\" style=\"padding-right: 5px\">\n            \n\n<div class=\"kksr-icon\" style=\"width: 24px; height: 24px;\"><\/div>\n        <\/div>\n            <div class=\"kksr-star\" data-star=\"3\" style=\"padding-right: 5px\">\n            \n\n<div class=\"kksr-icon\" style=\"width: 24px; height: 24px;\"><\/div>\n        <\/div>\n            <div class=\"kksr-star\" data-star=\"4\" style=\"padding-right: 5px\">\n            \n\n<div class=\"kksr-icon\" style=\"width: 24px; height: 24px;\"><\/div>\n        <\/div>\n            <div class=\"kksr-star\" data-star=\"5\" style=\"padding-right: 5px\">\n            \n\n<div class=\"kksr-icon\" style=\"width: 24px; height: 24px;\"><\/div>\n        <\/div>\n    <\/div>\n    \n<div class=\"kksr-stars-active\" style=\"width: 142.5px;\">\n            <div class=\"kksr-star\" style=\"padding-right: 5px\">\n            \n\n<div class=\"kksr-icon\" style=\"width: 24px; height: 24px;\"><\/div>\n        <\/div>\n            <div class=\"kksr-star\" style=\"padding-right: 5px\">\n            \n\n<div class=\"kksr-icon\" style=\"width: 24px; height: 24px;\"><\/div>\n        <\/div>\n            <div class=\"kksr-star\" style=\"padding-right: 5px\">\n            \n\n<div class=\"kksr-icon\" style=\"width: 24px; height: 24px;\"><\/div>\n        <\/div>\n            <div class=\"kksr-star\" style=\"padding-right: 5px\">\n            \n\n<div class=\"kksr-icon\" style=\"width: 24px; height: 24px;\"><\/div>\n        <\/div>\n            <div class=\"kksr-star\" style=\"padding-right: 5px\">\n            \n\n<div class=\"kksr-icon\" style=\"width: 24px; height: 24px;\"><\/div>\n        <\/div>\n    <\/div>\n<\/div>\n    \n<div class=\"kksr-legend\">\n            5\/5 - (1 vote)    <\/div>\n<\/div>\n","protected":false},"excerpt":{"rendered":"<p>\u0160koda\u00a0ji\u017e d\u00e1vno jen nekop\u00edruje inovace sv\u00fdch sousedn\u00edch rival\u016f, ale dok\u00e1\u017ee se zhostit sv\u00e9 \u00falohy, co by jedni\u010dky na tuzemsk\u00e9m trhu s ve\u0161kerou gr\u00e1ci\u00ed. Rok 2016 sebou p\u0159in\u00e1\u0161\u00ed celou \u0159adu zaj\u00edmav\u00fdch zm\u011bn, z v\u011bt\u0161inov\u00e9ho hlediska se v\u0161ak t\u00fdkaj\u00ed p\u0159edev\u0161\u00edm motorizace. Ten, kdo o \u017e\u00e1dn\u00e9 z p\u0159ipraven\u00fdch zm\u011bn nesly\u0161el, ur\u010dit\u011b nejv\u00edce p\u0159ekvap\u00ed zcela nov\u00e9 vybaven\u00ed automobil\u016f v podob\u011b motor\u016f spl\u0148uj\u00edc\u00edch novou normu zvanou Euro 6. Tento nejv\u00fdrazn\u011bj\u0161\u00ed z\u00e1sah do v\u00fdbavy se stane sou\u010d\u00e1st\u00ed v\u0161ech vyr\u00e1b\u011bn\u00fdch voz\u016f krom\u011b Superbu a Roomsteru. Superb se toti\u017e je\u0161t\u011b neza\u010dal ani vyr\u00e1b\u011bt a Roomster v roce 2015 v\u00fdrobu naopak ukon\u010duje. Motory Euro 6 a inovace v interi\u00e9ru <\/p>\n","protected":false},"author":1,"featured_media":95,"comment_status":"open","ping_status":"open","sticky":false,"template":"","format":"standard","meta":[],"categories":[4],"tags":[],"yoast_head":"<!-- This site is optimized with the Yoast SEO plugin v19.0 - https:\/\/yoast.com\/wordpress\/plugins\/seo\/ -->\n<title>Zm\u011bny p\u0159ich\u00e1zej\u00edc\u00ed s nov\u00fdm rokem 2016 zas\u00e1hnou i \u0160kodu<\/title>\n<meta name=\"robots\" content=\"index, follow, max-snippet:-1, max-image-preview:large, max-video-preview:-1\" \/>\n<link rel=\"canonical\" href=\"https:\/\/www.povinneruceni.top\/clanky\/zmeny-prichazejici-s-novym-rokem-2016-zasahnou-i-skodu\/\" \/>\n<meta property=\"og:locale\" content=\"cs_CZ\" \/>\n<meta property=\"og:type\" content=\"article\" \/>\n<meta property=\"og:title\" content=\"Zm\u011bny p\u0159ich\u00e1zej\u00edc\u00ed s nov\u00fdm rokem 2016 zas\u00e1hnou i \u0160kodu\" \/>\n<meta property=\"og:description\" content=\"\u0160koda\u00a0ji\u017e d\u00e1vno jen nekop\u00edruje inovace sv\u00fdch sousedn\u00edch rival\u016f, ale dok\u00e1\u017ee se zhostit sv\u00e9 \u00falohy, co by jedni\u010dky na tuzemsk\u00e9m trhu s ve\u0161kerou gr\u00e1ci\u00ed. Rok 2016 sebou p\u0159in\u00e1\u0161\u00ed celou \u0159adu zaj\u00edmav\u00fdch zm\u011bn, z v\u011bt\u0161inov\u00e9ho hlediska se v\u0161ak t\u00fdkaj\u00ed p\u0159edev\u0161\u00edm motorizace. Ten, kdo o \u017e\u00e1dn\u00e9 z p\u0159ipraven\u00fdch zm\u011bn nesly\u0161el, ur\u010dit\u011b nejv\u00edce p\u0159ekvap\u00ed zcela nov\u00e9 vybaven\u00ed automobil\u016f v podob\u011b motor\u016f spl\u0148uj\u00edc\u00edch novou normu zvanou Euro 6. Tento nejv\u00fdrazn\u011bj\u0161\u00ed z\u00e1sah do v\u00fdbavy se stane sou\u010d\u00e1st\u00ed v\u0161ech vyr\u00e1b\u011bn\u00fdch voz\u016f krom\u011b Superbu a Roomsteru. Superb se toti\u017e je\u0161t\u011b neza\u010dal ani vyr\u00e1b\u011bt a Roomster v roce 2015 v\u00fdrobu naopak ukon\u010duje. Motory Euro 6 a inovace v interi\u00e9ru\" \/>\n<meta property=\"og:url\" content=\"https:\/\/www.povinneruceni.top\/clanky\/zmeny-prichazejici-s-novym-rokem-2016-zasahnou-i-skodu\/\" \/>\n<meta property=\"og:site_name\" content=\"Povinn\u00e9Ru\u010den\u00ed\" \/>\n<meta property=\"article:published_time\" content=\"2015-12-15T11:48:33+00:00\" \/>\n<meta property=\"og:image\" content=\"https:\/\/www.povinneruceni.top\/clanky\/wp-content\/uploads\/2015\/12\/\u0161koda-new.jpg\" \/>\n\t<meta property=\"og:image:width\" content=\"800\" \/>\n\t<meta property=\"og:image:height\" content=\"534\" \/>\n\t<meta property=\"og:image:type\" content=\"image\/jpeg\" \/>\n<meta name=\"twitter:card\" content=\"summary\" \/>\n<meta name=\"twitter:label1\" content=\"Napsal(a)\" \/>\n\t<meta name=\"twitter:data1\" content=\"Tom\u00e1\u0161\" \/>\n\t<meta name=\"twitter:label2\" content=\"Odhadovan\u00e1 doba \u010dten\u00ed\" \/>\n\t<meta name=\"twitter:data2\" content=\"3 minuty\" \/>\n<script type=\"application\/ld+json\" class=\"yoast-schema-graph\">{\"@context\":\"https:\/\/schema.org\",\"@graph\":[{\"@type\":\"WebSite\",\"@id\":\"https:\/\/www.povinneruceni.top\/clanky\/#website\",\"url\":\"https:\/\/www.povinneruceni.top\/clanky\/\",\"name\":\"Povinn\u00e9Ru\u010den\u00ed\",\"description\":\"\",\"potentialAction\":[{\"@type\":\"SearchAction\",\"target\":{\"@type\":\"EntryPoint\",\"urlTemplate\":\"https:\/\/www.povinneruceni.top\/clanky\/?s={search_term_string}\"},\"query-input\":\"required name=search_term_string\"}],\"inLanguage\":\"cs\"},{\"@type\":\"ImageObject\",\"inLanguage\":\"cs\",\"@id\":\"https:\/\/www.povinneruceni.top\/clanky\/zmeny-prichazejici-s-novym-rokem-2016-zasahnou-i-skodu\/#primaryimage\",\"url\":\"https:\/\/www.povinneruceni.top\/clanky\/wp-content\/uploads\/2015\/12\/\u0161koda-new.jpg\",\"contentUrl\":\"https:\/\/www.povinneruceni.top\/clanky\/wp-content\/uploads\/2015\/12\/\u0161koda-new.jpg\",\"width\":800,\"height\":534},{\"@type\":\"WebPage\",\"@id\":\"https:\/\/www.povinneruceni.top\/clanky\/zmeny-prichazejici-s-novym-rokem-2016-zasahnou-i-skodu\/#webpage\",\"url\":\"https:\/\/www.povinneruceni.top\/clanky\/zmeny-prichazejici-s-novym-rokem-2016-zasahnou-i-skodu\/\",\"name\":\"Zm\u011bny p\u0159ich\u00e1zej\u00edc\u00ed s nov\u00fdm rokem 2016 zas\u00e1hnou i \u0160kodu\",\"isPartOf\":{\"@id\":\"https:\/\/www.povinneruceni.top\/clanky\/#website\"},\"primaryImageOfPage\":{\"@id\":\"https:\/\/www.povinneruceni.top\/clanky\/zmeny-prichazejici-s-novym-rokem-2016-zasahnou-i-skodu\/#primaryimage\"},\"datePublished\":\"2015-12-15T11:48:33+00:00\",\"dateModified\":\"2015-12-15T11:48:33+00:00\",\"author\":{\"@id\":\"https:\/\/www.povinneruceni.top\/clanky\/#\/schema\/person\/f10533fb4b423f1f8a91178640719ffd\"},\"breadcrumb\":{\"@id\":\"https:\/\/www.povinneruceni.top\/clanky\/zmeny-prichazejici-s-novym-rokem-2016-zasahnou-i-skodu\/#breadcrumb\"},\"inLanguage\":\"cs\",\"potentialAction\":[{\"@type\":\"ReadAction\",\"target\":[\"https:\/\/www.povinneruceni.top\/clanky\/zmeny-prichazejici-s-novym-rokem-2016-zasahnou-i-skodu\/\"]}]},{\"@type\":\"BreadcrumbList\",\"@id\":\"https:\/\/www.povinneruceni.top\/clanky\/zmeny-prichazejici-s-novym-rokem-2016-zasahnou-i-skodu\/#breadcrumb\",\"itemListElement\":[{\"@type\":\"ListItem\",\"position\":1,\"name\":\"Dom\u016f\",\"item\":\"https:\/\/www.povinneruceni.top\/clanky\/\"},{\"@type\":\"ListItem\",\"position\":2,\"name\":\"Zm\u011bny p\u0159ich\u00e1zej\u00edc\u00ed s nov\u00fdm rokem 2016 zas\u00e1hnou i \u0160kodu\"}]},{\"@type\":\"Person\",\"@id\":\"https:\/\/www.povinneruceni.top\/clanky\/#\/schema\/person\/f10533fb4b423f1f8a91178640719ffd\",\"name\":\"Tom\u00e1\u0161\",\"image\":{\"@type\":\"ImageObject\",\"inLanguage\":\"cs\",\"@id\":\"https:\/\/www.povinneruceni.top\/clanky\/#\/schema\/person\/image\/\",\"url\":\"https:\/\/secure.gravatar.com\/avatar\/10b8a71dd60dfeb871374f346c6dd851?s=96&d=mm&r=g\",\"contentUrl\":\"https:\/\/secure.gravatar.com\/avatar\/10b8a71dd60dfeb871374f346c6dd851?s=96&d=mm&r=g\",\"caption\":\"Tom\u00e1\u0161\"},\"url\":\"https:\/\/www.povinneruceni.top\/clanky\/author\/tomasvhd\/\"}]}<\/script>\n<!-- \/ Yoast SEO plugin. -->","yoast_head_json":{"title":"Zm\u011bny p\u0159ich\u00e1zej\u00edc\u00ed s nov\u00fdm rokem 2016 zas\u00e1hnou i \u0160kodu","robots":{"index":"index","follow":"follow","max-snippet":"max-snippet:-1","max-image-preview":"max-image-preview:large","max-video-preview":"max-video-preview:-1"},"canonical":"https:\/\/www.povinneruceni.top\/clanky\/zmeny-prichazejici-s-novym-rokem-2016-zasahnou-i-skodu\/","og_locale":"cs_CZ","og_type":"article","og_title":"Zm\u011bny p\u0159ich\u00e1zej\u00edc\u00ed s nov\u00fdm rokem 2016 zas\u00e1hnou i \u0160kodu","og_description":"\u0160koda\u00a0ji\u017e d\u00e1vno jen nekop\u00edruje inovace sv\u00fdch sousedn\u00edch rival\u016f, ale dok\u00e1\u017ee se zhostit sv\u00e9 \u00falohy, co by jedni\u010dky na tuzemsk\u00e9m trhu s ve\u0161kerou gr\u00e1ci\u00ed. Rok 2016 sebou p\u0159in\u00e1\u0161\u00ed celou \u0159adu zaj\u00edmav\u00fdch zm\u011bn, z v\u011bt\u0161inov\u00e9ho hlediska se v\u0161ak t\u00fdkaj\u00ed p\u0159edev\u0161\u00edm motorizace. Ten, kdo o \u017e\u00e1dn\u00e9 z p\u0159ipraven\u00fdch zm\u011bn nesly\u0161el, ur\u010dit\u011b nejv\u00edce p\u0159ekvap\u00ed zcela nov\u00e9 vybaven\u00ed automobil\u016f v podob\u011b motor\u016f spl\u0148uj\u00edc\u00edch novou normu zvanou Euro 6. Tento nejv\u00fdrazn\u011bj\u0161\u00ed z\u00e1sah do v\u00fdbavy se stane sou\u010d\u00e1st\u00ed v\u0161ech vyr\u00e1b\u011bn\u00fdch voz\u016f krom\u011b Superbu a Roomsteru. Superb se toti\u017e je\u0161t\u011b neza\u010dal ani vyr\u00e1b\u011bt a Roomster v roce 2015 v\u00fdrobu naopak ukon\u010duje. Motory Euro 6 a inovace v interi\u00e9ru","og_url":"https:\/\/www.povinneruceni.top\/clanky\/zmeny-prichazejici-s-novym-rokem-2016-zasahnou-i-skodu\/","og_site_name":"Povinn\u00e9Ru\u010den\u00ed","article_published_time":"2015-12-15T11:48:33+00:00","og_image":[{"width":800,"height":534,"url":"https:\/\/www.povinneruceni.top\/clanky\/wp-content\/uploads\/2015\/12\/\u0161koda-new.jpg","type":"image\/jpeg"}],"twitter_card":"summary","twitter_misc":{"Napsal(a)":"Tom\u00e1\u0161","Odhadovan\u00e1 doba \u010dten\u00ed":"3 minuty"},"schema":{"@context":"https:\/\/schema.org","@graph":[{"@type":"WebSite","@id":"https:\/\/www.povinneruceni.top\/clanky\/#website","url":"https:\/\/www.povinneruceni.top\/clanky\/","name":"Povinn\u00e9Ru\u010den\u00ed","description":"","potentialAction":[{"@type":"SearchAction","target":{"@type":"EntryPoint","urlTemplate":"https:\/\/www.povinneruceni.top\/clanky\/?s={search_term_string}"},"query-input":"required name=search_term_string"}],"inLanguage":"cs"},{"@type":"ImageObject","inLanguage":"cs","@id":"https:\/\/www.povinneruceni.top\/clanky\/zmeny-prichazejici-s-novym-rokem-2016-zasahnou-i-skodu\/#primaryimage","url":"https:\/\/www.povinneruceni.top\/clanky\/wp-content\/uploads\/2015\/12\/\u0161koda-new.jpg","contentUrl":"https:\/\/www.povinneruceni.top\/clanky\/wp-content\/uploads\/2015\/12\/\u0161koda-new.jpg","width":800,"height":534},{"@type":"WebPage","@id":"https:\/\/www.povinneruceni.top\/clanky\/zmeny-prichazejici-s-novym-rokem-2016-zasahnou-i-skodu\/#webpage","url":"https:\/\/www.povinneruceni.top\/clanky\/zmeny-prichazejici-s-novym-rokem-2016-zasahnou-i-skodu\/","name":"Zm\u011bny p\u0159ich\u00e1zej\u00edc\u00ed s nov\u00fdm rokem 2016 zas\u00e1hnou i \u0160kodu","isPartOf":{"@id":"https:\/\/www.povinneruceni.top\/clanky\/#website"},"primaryImageOfPage":{"@id":"https:\/\/www.povinneruceni.top\/clanky\/zmeny-prichazejici-s-novym-rokem-2016-zasahnou-i-skodu\/#primaryimage"},"datePublished":"2015-12-15T11:48:33+00:00","dateModified":"2015-12-15T11:48:33+00:00","author":{"@id":"https:\/\/www.povinneruceni.top\/clanky\/#\/schema\/person\/f10533fb4b423f1f8a91178640719ffd"},"breadcrumb":{"@id":"https:\/\/www.povinneruceni.top\/clanky\/zmeny-prichazejici-s-novym-rokem-2016-zasahnou-i-skodu\/#breadcrumb"},"inLanguage":"cs","potentialAction":[{"@type":"ReadAction","target":["https:\/\/www.povinneruceni.top\/clanky\/zmeny-prichazejici-s-novym-rokem-2016-zasahnou-i-skodu\/"]}]},{"@type":"BreadcrumbList","@id":"https:\/\/www.povinneruceni.top\/clanky\/zmeny-prichazejici-s-novym-rokem-2016-zasahnou-i-skodu\/#breadcrumb","itemListElement":[{"@type":"ListItem","position":1,"name":"Dom\u016f","item":"https:\/\/www.povinneruceni.top\/clanky\/"},{"@type":"ListItem","position":2,"name":"Zm\u011bny p\u0159ich\u00e1zej\u00edc\u00ed s nov\u00fdm rokem 2016 zas\u00e1hnou i \u0160kodu"}]},{"@type":"Person","@id":"https:\/\/www.povinneruceni.top\/clanky\/#\/schema\/person\/f10533fb4b423f1f8a91178640719ffd","name":"Tom\u00e1\u0161","image":{"@type":"ImageObject","inLanguage":"cs","@id":"https:\/\/www.povinneruceni.top\/clanky\/#\/schema\/person\/image\/","url":"https:\/\/secure.gravatar.com\/avatar\/10b8a71dd60dfeb871374f346c6dd851?s=96&d=mm&r=g","contentUrl":"https:\/\/secure.gravatar.com\/avatar\/10b8a71dd60dfeb871374f346c6dd851?s=96&d=mm&r=g","caption":"Tom\u00e1\u0161"},"url":"https:\/\/www.povinneruceni.top\/clanky\/author\/tomasvhd\/"}]}},"_links":{"self":[{"href":"https:\/\/www.povinneruceni.top\/clanky\/wp-json\/wp\/v2\/posts\/94"}],"collection":[{"href":"https:\/\/www.povinneruceni.top\/clanky\/wp-json\/wp\/v2\/posts"}],"about":[{"href":"https:\/\/www.povinneruceni.top\/clanky\/wp-json\/wp\/v2\/types\/post"}],"author":[{"embeddable":true,"href":"https:\/\/www.povinneruceni.top\/clanky\/wp-json\/wp\/v2\/users\/1"}],"replies":[{"embeddable":true,"href":"https:\/\/www.povinneruceni.top\/clanky\/wp-json\/wp\/v2\/comments?post=94"}],"version-history":[{"count":0,"href":"https:\/\/www.povinneruceni.top\/clanky\/wp-json\/wp\/v2\/posts\/94\/revisions"}],"wp:featuredmedia":[{"embeddable":true,"href":"https:\/\/www.povinneruceni.top\/clanky\/wp-json\/wp\/v2\/media\/95"}],"wp:attachment":[{"href":"https:\/\/www.povinneruceni.top\/clanky\/wp-json\/wp\/v2\/media?parent=94"}],"wp:term":[{"taxonomy":"category","embeddable":true,"href":"https:\/\/www.povinneruceni.top\/clanky\/wp-json\/wp\/v2\/categories?post=94"},{"taxonomy":"post_tag","embeddable":true,"href":"https:\/\/www.povinneruceni.top\/clanky\/wp-json\/wp\/v2\/tags?post=94"}],"curies":[{"name":"wp","href":"https:\/\/api.w.org\/{rel}","templated":true}]}}