{"id":903,"date":"2017-09-26T06:50:49","date_gmt":"2017-09-26T04:50:49","guid":{"rendered":"http:\/\/www.povinneruceni.top\/clanky\/?p=903"},"modified":"2017-09-19T16:54:53","modified_gmt":"2017-09-19T14:54:53","slug":"sef-maier-se-rozhovoril-tema-cena-prvniho-elektromobilu-spolecnosti-skoda","status":"publish","type":"post","link":"https:\/\/www.povinneruceni.top\/clanky\/sef-maier-se-rozhovoril-tema-cena-prvniho-elektromobilu-spolecnosti-skoda\/","title":{"rendered":"\u0160\u00e9f Maier se rozhovo\u0159il na t\u00e9ma cena prvn\u00edho elektromobilu spole\u010dnosti \u0160koda"},"content":{"rendered":"<p><strong>Mladoboleslavsk\u00e1 automobilka samoz\u0159ejm\u011b st\u00e1le vyv\u00edj\u00ed nov\u00e9 technologie pro dieselov\u00e9 i benzinov\u00e9 motory. Pom\u00fd\u0161l\u00ed v\u0161ak i na nov\u011b otev\u0159enou budoucnost a chce bezpochyby ur\u010dovat nov\u00e9 trendy souvisej\u00edc\u00ed s automobilov\u00fdm pr\u016fmyslem. P\u0159ed ned\u00e1vnem vy\u0161la zpr\u00e1va o p\u0159ipravovan\u00e9m prvn\u00edm elektromobilu, kter\u00fd by m\u011bl zanedlouho vstoupit na celosv\u011btov\u00fd trh skrze s\u00e9riovou v\u00fdrobu. Krom\u011b dieselov\u00e9ho a benzinov\u00e9ho motoru se tak na sv\u011btlo sv\u011bta dostanou i hybridi.<\/strong><\/p>\n<h3>Kdy se m\u00e1 prvn\u00ed elektromobil objevit?<\/h3>\n<p>\u00dapln\u011b prvn\u00ed ostr\u00fd vstup na celosv\u011btov\u00fd trh se m\u00e1 uskute\u010dnit ji\u017e v roce 2020. Podle prvn\u00edch p\u0159edpoklad\u016f by si m\u011bl z\u00e1jemce p\u0159ipravit obdobn\u00e9 finan\u010dn\u00ed prost\u0159edky, kter\u00e9 dnes vynalo\u017e\u00ed na n\u00e1kup modern\u00edho dieselov\u00e9ho automobilu v podob\u011b Superbu. Tuto informaci prozradil p\u0159edseda p\u0159edstavenstva Bernhard Maier slovensk\u00fdm a \u010desk\u00fdm novin\u00e1\u0159\u016fm. Dal\u0161\u00ed zaj\u00edmavost\u00ed je i fakt, \u017ee o rok d\u0159\u00edve se na trh dostane hybrid modelov\u00e9ho ozna\u010den\u00ed Superb plug-in hybrid.<\/p>\n<h3>Koncept VisionE<\/h3>\n<p>Pl\u00e1novan\u00fd elektromobil bude vych\u00e1zet z konceptu VisionE, kter\u00fd si n\u00e1v\u0161t\u011bvn\u00edci autosalonu ve Frankfurtu mohli prohl\u00e9dnout z dostate\u010dn\u00e9 bl\u00edzkosti. Do konce roku 2025 by se elektromobily s typick\u00fdm logem hlavou indi\u00e1na m\u011bly objevit hned ve \u010dty\u0159ech verz\u00edch. Ka\u017ed\u00e1 z nich bude obsahovat v\u00fdkonnou baterii.<\/p>\n<style id=\"bwg-style-0\">    #bwg_container1_0 #bwg_container2_0 .bwg-container-0.bwg-standard-thumbnails {      width: 904px;      justify-content: center;              margin-left: auto;        margin-right: auto;              background-color: rgba(255, 255, 255, 0.00);            padding-left: 4px;      padding-top: 4px;      max-width: 100%;            }        #bwg_container1_0 #bwg_container2_0 .bwg-container-0.bwg-standard-thumbnails .bwg-item {      justify-content: flex-start;      max-width: 180px;            width: 180px !important;          }    #bwg_container1_0 #bwg_container2_0 .bwg-container-0.bwg-standard-thumbnails .bwg-item > a {       margin-right: 4px;       margin-bottom: 4px;    }    #bwg_container1_0 #bwg_container2_0 .bwg-container-0.bwg-standard-thumbnails .bwg-item0 {      padding: 0px;      background-color: #FFFFFF;      border: 0px none #CCCCCC;      opacity: 1.00;      border-radius: 0;      box-shadow: 0px 0px 0px #888888;    }    #bwg_container1_0 #bwg_container2_0 .bwg-container-0.bwg-standard-thumbnails .bwg-item1 img {      max-height: none;      max-width: none;      padding: 0 !important;    }        @media only screen and (min-width: 480px) {      #bwg_container1_0 #bwg_container2_0 .bwg-container-0.bwg-standard-thumbnails .bwg-item0 {        transition: all 0.3s ease 0s;-webkit-transition: all 0.3s ease 0s;      }      #bwg_container1_0 #bwg_container2_0 .bwg-container-0.bwg-standard-thumbnails .bwg-item0:hover {        -ms-transform: scale(1.1);        -webkit-transform: scale(1.1);        transform: scale(1.1);      }    }          #bwg_container1_0 #bwg_container2_0 .bwg-container-0.bwg-standard-thumbnails .bwg-item1 {      padding-top: 50%;    }        #bwg_container1_0 #bwg_container2_0 .bwg-container-0.bwg-standard-thumbnails .bwg-title2,    #bwg_container1_0 #bwg_container2_0 .bwg-container-0.bwg-standard-thumbnails .bwg-ecommerce2 {      color: #CCCCCC;      font-family: segoe ui;      font-size: 16px;      font-weight: bold;      padding: 2px;      text-shadow: 0px 0px 0px #888888;      max-height: 100%;    }    #bwg_container1_0 #bwg_container2_0 .bwg-container-0.bwg-standard-thumbnails .bwg-play-icon2 {      font-size: 32px;    }    #bwg_container1_0 #bwg_container2_0 .bwg-container-0.bwg-standard-thumbnails .bwg-ecommerce2 {      font-size: 19.2px;      color: #CCCCCC;    }    <\/style>    <div id=\"bwg_container1_0\"         class=\"bwg_container bwg_thumbnail bwg_thumbnails\"         data-right-click-protection=\"0\"         data-bwg=\"0\"         data-current-url=\"https:\/\/www.povinneruceni.top\/clanky\/wp-json\/wp\/v2\/posts\/903\"         data-lightbox-url=\"https:\/\/www.povinneruceni.top\/clanky\/wp-admin\/admin-ajax.php?action=GalleryBox&current_view=0&gallery_id=34&tag=0&theme_id=1&shortcode_id=42&sort_by=order&order_by=asc&current_url=https%3A%2F%2Fwww.povinneruceni.top%2Fclanky%2Fwp-json%2Fwp%2Fv2%2Fposts%2F903\"         data-gallery-id=\"34\"         data-popup-width=\"800\"         data-popup-height=\"500\"         data-buttons-position=\"bottom\">      <div id=\"bwg_container2_0\">             <div id=\"ajax_loading_0\" class=\"bwg_loading_div_1\">      <div class=\"bwg_loading_div_2\">        <div class=\"bwg_loading_div_3\">          <div id=\"loading_div_0\" class=\"bwg_spider_ajax_loading\">          <\/div>        <\/div>      <\/div>    <\/div>            <form id=\"gal_front_form_0\"              class=\"bwg-hidden\"              method=\"post\"              action=\"#\"              data-current=\"0\"              data-shortcode-id=\"42\"              data-gallery-type=\"thumbnails\"              data-gallery-id=\"34\"              data-tag=\"0\"              data-album-id=\"0\"              data-theme-id=\"1\"              data-ajax-url=\"https:\/\/www.povinneruceni.top\/clanky\/wp-admin\/admin-ajax.php?action=bwg_frontend_data\">          <div id=\"bwg_container3_0\" class=\"bwg-background bwg-background-0\">                <div data-max-count=\"5\"         data-thumbnail-width=\"180\"         data-bwg=\"0\"         data-gallery-id=\"34\"         data-lightbox-url=\"https:\/\/www.povinneruceni.top\/clanky\/wp-admin\/admin-ajax.php?action=GalleryBox&current_view=0&gallery_id=34&tag=0&theme_id=1&shortcode_id=42&sort_by=order&order_by=asc&current_url=https%3A%2F%2Fwww.povinneruceni.top%2Fclanky%2Fwp-json%2Fwp%2Fv2%2Fposts%2F903\"         id=\"bwg_thumbnails_0\"         class=\"bwg-container-0 bwg-thumbnails bwg-standard-thumbnails bwg-container bwg-border-box\">            <div class=\"bwg-item\">        <a class=\"bwg-a bwg_lightbox\"  data-image-id=\"202\" href=\"https:\/\/www.povinneruceni.top\/clanky\/wp-content\/uploads\/photo-gallery\/VE_00006.jpg\">                <div class=\"bwg-item0 \">          <div class=\"bwg-item1 \">            <div class=\"bwg-item2\">              <img class=\"skip-lazy bwg_standart_thumb_img_0 \"                   data-id=\"202\"                   data-width=\"\"                   data-height=\"\"                   data-original=\"https:\/\/www.povinneruceni.top\/clanky\/wp-content\/uploads\/photo-gallery\/thumb\/VE_00006.jpg\"                   src=\"https:\/\/www.povinneruceni.top\/clanky\/wp-content\/uploads\/photo-gallery\/thumb\/VE_00006.jpg\"                   alt=\"VE 00006\" \/>            <\/div>            <div class=\"\">                                                      <\/div>          <\/div>        <\/div>                        <\/a>      <\/div>            <div class=\"bwg-item\">        <a class=\"bwg-a bwg_lightbox\"  data-image-id=\"201\" href=\"https:\/\/www.povinneruceni.top\/clanky\/wp-content\/uploads\/photo-gallery\/VE_00001.jpg\">                <div class=\"bwg-item0 \">          <div class=\"bwg-item1 \">            <div class=\"bwg-item2\">              <img class=\"skip-lazy bwg_standart_thumb_img_0 \"                   data-id=\"201\"                   data-width=\"\"                   data-height=\"\"                   data-original=\"https:\/\/www.povinneruceni.top\/clanky\/wp-content\/uploads\/photo-gallery\/thumb\/VE_00001.jpg\"                   src=\"https:\/\/www.povinneruceni.top\/clanky\/wp-content\/uploads\/photo-gallery\/thumb\/VE_00001.jpg\"                   alt=\"VE 00001\" \/>            <\/div>            <div class=\"\">                                                      <\/div>          <\/div>        <\/div>                        <\/a>      <\/div>            <div class=\"bwg-item\">        <a class=\"bwg-a bwg_lightbox\"  data-image-id=\"200\" href=\"https:\/\/www.povinneruceni.top\/clanky\/wp-content\/uploads\/photo-gallery\/VE_00002.jpg\">                <div class=\"bwg-item0 \">          <div class=\"bwg-item1 \">            <div class=\"bwg-item2\">              <img class=\"skip-lazy bwg_standart_thumb_img_0 \"                   data-id=\"200\"                   data-width=\"\"                   data-height=\"\"                   data-original=\"https:\/\/www.povinneruceni.top\/clanky\/wp-content\/uploads\/photo-gallery\/thumb\/VE_00002.jpg\"                   src=\"https:\/\/www.povinneruceni.top\/clanky\/wp-content\/uploads\/photo-gallery\/thumb\/VE_00002.jpg\"                   alt=\"VE 00002\" \/>            <\/div>            <div class=\"\">                                                      <\/div>          <\/div>        <\/div>                        <\/a>      <\/div>            <div class=\"bwg-item\">        <a class=\"bwg-a bwg_lightbox\"  data-image-id=\"199\" href=\"https:\/\/www.povinneruceni.top\/clanky\/wp-content\/uploads\/photo-gallery\/VE_00007.jpg\">                <div class=\"bwg-item0 \">          <div class=\"bwg-item1 \">            <div class=\"bwg-item2\">              <img class=\"skip-lazy bwg_standart_thumb_img_0 \"                   data-id=\"199\"                   data-width=\"\"                   data-height=\"\"                   data-original=\"https:\/\/www.povinneruceni.top\/clanky\/wp-content\/uploads\/photo-gallery\/thumb\/VE_00007.jpg\"                   src=\"https:\/\/www.povinneruceni.top\/clanky\/wp-content\/uploads\/photo-gallery\/thumb\/VE_00007.jpg\"                   alt=\"VE 00007\" \/>            <\/div>            <div class=\"\">                                                      <\/div>          <\/div>        <\/div>                        <\/a>      <\/div>            <div class=\"bwg-item\">        <a class=\"bwg-a bwg_lightbox\"  data-image-id=\"198\" href=\"https:\/\/www.povinneruceni.top\/clanky\/wp-content\/uploads\/photo-gallery\/VE_00008.jpg\">                <div class=\"bwg-item0 \">          <div class=\"bwg-item1 \">            <div class=\"bwg-item2\">              <img class=\"skip-lazy bwg_standart_thumb_img_0 \"                   data-id=\"198\"                   data-width=\"\"                   data-height=\"\"                   data-original=\"https:\/\/www.povinneruceni.top\/clanky\/wp-content\/uploads\/photo-gallery\/thumb\/VE_00008.jpg\"                   src=\"https:\/\/www.povinneruceni.top\/clanky\/wp-content\/uploads\/photo-gallery\/thumb\/VE_00008.jpg\"                   alt=\"VE 00008\" \/>            <\/div>            <div class=\"\">                                                      <\/div>          <\/div>        <\/div>                        <\/a>      <\/div>            <div class=\"bwg-item\">        <a class=\"bwg-a bwg_lightbox\"  data-image-id=\"197\" href=\"https:\/\/www.povinneruceni.top\/clanky\/wp-content\/uploads\/photo-gallery\/VE_00003.jpg\">                <div class=\"bwg-item0 \">          <div class=\"bwg-item1 \">            <div class=\"bwg-item2\">              <img class=\"skip-lazy bwg_standart_thumb_img_0 \"                   data-id=\"197\"                   data-width=\"\"                   data-height=\"\"                   data-original=\"https:\/\/www.povinneruceni.top\/clanky\/wp-content\/uploads\/photo-gallery\/thumb\/VE_00003.jpg\"                   src=\"https:\/\/www.povinneruceni.top\/clanky\/wp-content\/uploads\/photo-gallery\/thumb\/VE_00003.jpg\"                   alt=\"VE 00003\" \/>            <\/div>            <div class=\"\">                                                      <\/div>          <\/div>        <\/div>                        <\/a>      <\/div>            <div class=\"bwg-item\">        <a class=\"bwg-a bwg_lightbox\"  data-image-id=\"196\" href=\"https:\/\/www.povinneruceni.top\/clanky\/wp-content\/uploads\/photo-gallery\/VE_00005.jpg\">                <div class=\"bwg-item0 \">          <div class=\"bwg-item1 \">            <div class=\"bwg-item2\">              <img class=\"skip-lazy bwg_standart_thumb_img_0 \"                   data-id=\"196\"                   data-width=\"\"                   data-height=\"\"                   data-original=\"https:\/\/www.povinneruceni.top\/clanky\/wp-content\/uploads\/photo-gallery\/thumb\/VE_00005.jpg\"                   src=\"https:\/\/www.povinneruceni.top\/clanky\/wp-content\/uploads\/photo-gallery\/thumb\/VE_00005.jpg\"                   alt=\"VE 00005\" \/>            <\/div>            <div class=\"\">                                                      <\/div>          <\/div>        <\/div>                        <\/a>      <\/div>            <div class=\"bwg-item\">        <a class=\"bwg-a bwg_lightbox\"  data-image-id=\"195\" href=\"https:\/\/www.povinneruceni.top\/clanky\/wp-content\/uploads\/photo-gallery\/VE_00004.jpg\">                <div class=\"bwg-item0 \">          <div class=\"bwg-item1 \">            <div class=\"bwg-item2\">              <img class=\"skip-lazy bwg_standart_thumb_img_0 \"                   data-id=\"195\"                   data-width=\"\"                   data-height=\"\"                   data-original=\"https:\/\/www.povinneruceni.top\/clanky\/wp-content\/uploads\/photo-gallery\/thumb\/VE_00004.jpg\"                   src=\"https:\/\/www.povinneruceni.top\/clanky\/wp-content\/uploads\/photo-gallery\/thumb\/VE_00004.jpg\"                   alt=\"VE 00004\" \/>            <\/div>            <div class=\"\">                                                      <\/div>          <\/div>        <\/div>                        <\/a>      <\/div>          <\/div>    <style>      \/*pagination styles*\/      #bwg_container1_0 #bwg_container2_0 .tablenav-pages_0 {      text-align: center;      font-size: 12px;      font-family: segoe ui;      font-weight: bold;      color: #666666;      margin: 6px 0 4px;      display: block;      height: 30px;      line-height: 30px;      }      @media only screen and (max-width : 320px) {      #bwg_container1_0 #bwg_container2_0 .displaying-num_0 {      display: none;      }      }      #bwg_container1_0 #bwg_container2_0 .displaying-num_0 {      font-size: 12px;      font-family: segoe ui;      font-weight: bold;      color: #666666;      margin-right: 10px;      vertical-align: middle;      }      #bwg_container1_0 #bwg_container2_0 .paging-input_0 {      font-size: 12px;      font-family: segoe ui;      font-weight: bold;      color: #666666;      vertical-align: middle;      }      #bwg_container1_0 #bwg_container2_0 .tablenav-pages_0 a.disabled,      #bwg_container1_0 #bwg_container2_0 .tablenav-pages_0 a.disabled:hover,      #bwg_container1_0 #bwg_container2_0 .tablenav-pages_0 a.disabled:focus {      cursor: default;      color: rgba(102, 102, 102, 0.5);      }      #bwg_container1_0 #bwg_container2_0 .tablenav-pages_0 a {      cursor: pointer;      font-size: 12px;      font-family: segoe ui;      font-weight: bold;      color: #666666;      text-decoration: none;      padding: 3px 6px;      margin: 0;      border-radius: 0;      border-style: solid;      border-width: 1px;      border-color: #E3E3E3;      background-color: #FFFFFF;      opacity: 1.00;      box-shadow: 0;      transition: all 0.3s ease 0s;-webkit-transition: all 0.3s ease 0s;      }      <\/style>      <span class=\"bwg_nav_cont_0\">          <div class=\"tablenav-pages_0\">          <\/div>          <input type=\"hidden\" id=\"page_number_0\" name=\"page_number_0\" value=\"1\" \/>    <script type=\"text\/javascript\">      function spider_page_0(cur, x, y, load_more) {        if (typeof load_more == \"undefined\") {          var load_more = false;        }        if (jQuery(cur).hasClass('disabled')) {          return false;        }        var items_county_0 = 1;        switch (y) {          case 1:            if (x >= items_county_0) {              document.getElementById('page_number_0').value = items_county_0;            }            else {              document.getElementById('page_number_0').value = x + 1;            }            break;          case 2:            document.getElementById('page_number_0').value = items_county_0;            break;          case -1:            if (x == 1) {              document.getElementById('page_number_0').value = 1;            }            else {              document.getElementById('page_number_0').value = x - 1;            }            break;          case -2:            document.getElementById('page_number_0').value = 1;            break;          default:            document.getElementById('page_number_0').value = 1;        }        bwg_ajax('gal_front_form_0', '0', 'bwg_thumbnails_0', '0', '', '', 0, '', '', load_more);      }                jQuery('.first-page-0').on('click', function () {              spider_page_0(this, 1, -2, 'numeric');          });          jQuery('.prev-page-0').on('click', function () {              spider_page_0(this, 1, -1, 'numeric');              return false;          });          jQuery('.next-page-0').on('click', function () {              spider_page_0(this, 1, 1, 'numeric');              return false;          });          jQuery('.last-page-0').on('click', function () {              spider_page_0(this, 1, 2, 'numeric');          });            jQuery('.bwg_load_btn_0').on('click', function () {          spider_page_0(this, 1, 1, true);          return false;      });    <\/script>    <\/span>                <\/div>        <\/form>          <style>          #bwg_container1_0 #bwg_container2_0 #spider_popup_overlay_0 {          background-color: #000000;          opacity: 0.70;          }          <\/style>        <div id=\"bwg_spider_popup_loading_0\" class=\"bwg_spider_popup_loading\"><\/div>        <div id=\"spider_popup_overlay_0\" class=\"spider_popup_overlay\" onclick=\"spider_destroypopup(1000)\"><\/div>        <input type=\"hidden\" id=\"bwg_random_seed_0\" value=\"70000743\">                <\/div>    <\/div>    <script>      jQuery(document).ready(function () {        bwg_main_ready();      });    <\/script>    \n<h3>Jak\u00e1 bude aktivita v CNG?<\/h3>\n<p>P\u0159edseda p\u0159edstavenstva Maier v\u0161ak dod\u00e1v\u00e1, \u017ee automobilka \u0160koda na v\u00fdvoj benz\u00ednov\u00fdch a dieselov\u00fdch motor\u016f nezanev\u0159ou a nad\u00e1le budou tyto pohony posouvat d\u00e1l. V daleko v\u011bt\u0161\u00ed m\u00ed\u0159e se v\u00fdvoj\u00e1\u0159i a technici zam\u011b\u0159\u00ed na vyu\u017eit\u00ed CNG syst\u00e9mu pro sv\u00e9 pohony. To u\u017e samo o sob\u011b vypov\u00edd\u00e1, \u017ee krom\u011b Octavie bude schopna vyu\u017e\u00edvat alternativn\u00ed pohon i pl\u00e1novan\u00e1 \u010dtvrt\u00e1 generace Fabie nebo ji\u017e druh\u00e1 generace voz\u016f Rapid. Krom\u011b jin\u00e9ho na trh vstoup\u00ed i mo\u017enosti mild hybrid, full hybrid nebo plug-in hybrid. Naopak dieselov\u00e9 verze motor\u016f skon\u010d\u00ed u men\u0161\u00edch typ\u016f voz\u016f jako je Fabie nebo Rapid.<\/p>\n<h3>\u0160koda Kodiaq kup\u00e9 zat\u00edm jen v cizin\u011b<\/h3>\n<p>Hodn\u011b se nyn\u00ed mluv\u00ed o SUV \u0160koda Kodiaq kup\u00e9, kter\u00e1 ji\u017e v p\u0159\u00ed\u0161t\u00edm roce oslav\u00ed svou prvn\u00ed premi\u00e9ru v \u010c\u00edn\u011b. O tom, zda se ho do\u010dkaj\u00ed i z\u00e1kazn\u00edci v Evrop\u011b se je\u0161t\u011b spekuluje a prozat\u00edm to vypad\u00e1, \u017ee se v\u00fdroba pro Evropu odsune na neur\u010dito. Pt\u00e1te se pro\u010d? Jednodu\u0161e nen\u00ed tov\u00e1rn\u00ed kapacita a odsouvat kv\u016fli tomu jin\u00e9 obl\u00edben\u00e9 a dosti popt\u00e1van\u00e9 modely nen\u00ed pro Auto \u0160koda p\u0159ijateln\u00e9. U\u017e jednou se spekulovalo o odsunut\u00ed v\u00fdroby Fabie, kter\u00e1 m\u011b la uvolnit m\u00edsto crossoveru Karoq, nakonec i od t\u00e9to my\u0161lenky se ustoupilo.<\/p>\n<h3>A jak dopadne Indie?<\/h3>\n<p>P\u0159ed n\u011bkolika t\u00fddny jsme v\u00e1s informovali, \u017ee automobilka \u0160koda ukon\u010dila spolupr\u00e1ci na nov\u011b p\u0159ipravovan\u00e9 platform\u011b pro rozvojov\u00fd trh v Indii. Ve h\u0159e byl kontrakt mezi Auto \u0160koda a spole\u010dnost\u00ed Tatra, ov\u0161em reinstalace sou\u010dasn\u00fdch v\u00fdrobn\u00edch proces\u016f a za\u010dlen\u011bn\u00ed v\u00fdroby nov\u00e9 bylo p\u0159\u00edli\u0161 n\u00e1ro\u010dn\u00e9, proto se od my\u0161lenky ustoupilo. My\u0161lenka byla v\u0161ak zachov\u00e1na a \u0160koda se sna\u017e\u00ed o v\u00fdvoj ve vlastn\u00ed re\u017eii.<\/p>\n<p>Aktu\u00e1ln\u011b prob\u00edhaj\u00ed pe\u010dliv\u00e9 anal\u00fdzy, o jejich\u017e v\u00fdsledc\u00edch v\u00e1s budeme rovn\u011b\u017e informovat. Kone\u010dn\u00e9 stanovisko by se m\u011blo objevit v polovin\u011b p\u0159\u00ed\u0161t\u00edho roku &#8211; uvedl Bernhard Maier. V n\u00e1vaznosti na dopady a v\u00fdsledky takov\u00e9ho podnikatelsk\u00e9ho z\u00e1m\u011bru se n\u00e1sledn\u011b rozvinou nebo zcela ukon\u010d\u00ed dal\u0161\u00ed vstupy na sv\u011btov\u00e9 trhy. Pokud p\u016fjde v\u0161e podle pl\u00e1nu a automobilka \u0160koda zaznamen\u00e1 \u00fasp\u011bch, ostatn\u00ed sv\u011btov\u00e9 trhy se rozhodn\u011b maj\u00ed na co t\u011b\u0161it.<\/p>\n<p>Aktu\u00e1ln\u011b p\u016fsob\u00ed ve 103 zem\u00edch sv\u011bta a m\u00e1 v pl\u00e1nu svou p\u016fsobnost roz\u0161\u00ed\u0159it na 120. V minulosti se ji\u017e \u0160koda Auto sna\u017eila vstoupit na \u00edr\u00e1nsk\u00fd nebo jihokorejsk\u00fd trh, ov\u0161em od vstupu se upustilo a prozat\u00edm je v\u0161e ve f\u00e1zi mapov\u00e1n\u00ed ter\u00e9nu.<\/p>\n\n<div class=\"kk-star-ratings\n     kksr-valign-bottom     kksr-align-left    \"\n    data-payload=\"{&quot;align&quot;:&quot;left&quot;,&quot;id&quot;:&quot;903&quot;,&quot;slug&quot;:&quot;default&quot;,&quot;valign&quot;:&quot;bottom&quot;,&quot;reference&quot;:&quot;auto&quot;,&quot;count&quot;:&quot;0&quot;,&quot;readonly&quot;:&quot;&quot;,&quot;score&quot;:&quot;0&quot;,&quot;best&quot;:&quot;5&quot;,&quot;gap&quot;:&quot;5&quot;,&quot;greet&quot;:&quot;Rate this post&quot;,&quot;legend&quot;:&quot;0\\\/5 - (0 votes)&quot;,&quot;size&quot;:&quot;24&quot;,&quot;width&quot;:&quot;0&quot;,&quot;_legend&quot;:&quot;{score}\\\/{best} - ({count} {votes})&quot;}\">\n    \n<div class=\"kksr-stars\">\n    \n<div class=\"kksr-stars-inactive\">\n            <div class=\"kksr-star\" data-star=\"1\" style=\"padding-right: 5px\">\n            \n\n<div class=\"kksr-icon\" style=\"width: 24px; height: 24px;\"><\/div>\n        <\/div>\n            <div class=\"kksr-star\" data-star=\"2\" style=\"padding-right: 5px\">\n            \n\n<div class=\"kksr-icon\" style=\"width: 24px; height: 24px;\"><\/div>\n        <\/div>\n            <div class=\"kksr-star\" data-star=\"3\" style=\"padding-right: 5px\">\n            \n\n<div class=\"kksr-icon\" style=\"width: 24px; height: 24px;\"><\/div>\n        <\/div>\n            <div class=\"kksr-star\" data-star=\"4\" style=\"padding-right: 5px\">\n            \n\n<div class=\"kksr-icon\" style=\"width: 24px; height: 24px;\"><\/div>\n        <\/div>\n            <div class=\"kksr-star\" data-star=\"5\" style=\"padding-right: 5px\">\n            \n\n<div class=\"kksr-icon\" style=\"width: 24px; height: 24px;\"><\/div>\n        <\/div>\n    <\/div>\n    \n<div class=\"kksr-stars-active\" style=\"width: 0px;\">\n            <div class=\"kksr-star\" style=\"padding-right: 5px\">\n            \n\n<div class=\"kksr-icon\" style=\"width: 24px; height: 24px;\"><\/div>\n        <\/div>\n            <div class=\"kksr-star\" style=\"padding-right: 5px\">\n            \n\n<div class=\"kksr-icon\" style=\"width: 24px; height: 24px;\"><\/div>\n        <\/div>\n            <div class=\"kksr-star\" style=\"padding-right: 5px\">\n            \n\n<div class=\"kksr-icon\" style=\"width: 24px; height: 24px;\"><\/div>\n        <\/div>\n            <div class=\"kksr-star\" style=\"padding-right: 5px\">\n            \n\n<div class=\"kksr-icon\" style=\"width: 24px; height: 24px;\"><\/div>\n        <\/div>\n            <div class=\"kksr-star\" style=\"padding-right: 5px\">\n            \n\n<div class=\"kksr-icon\" style=\"width: 24px; height: 24px;\"><\/div>\n        <\/div>\n    <\/div>\n<\/div>\n    \n<div class=\"kksr-legend\">\n            <span class=\"kksr-muted\">Rate this post<\/span>\n    <\/div>\n<\/div>\n","protected":false},"excerpt":{"rendered":"<p>Mladoboleslavsk\u00e1 automobilka samoz\u0159ejm\u011b st\u00e1le vyv\u00edj\u00ed nov\u00e9 technologie pro dieselov\u00e9 i benzinov\u00e9 motory. Pom\u00fd\u0161l\u00ed v\u0161ak i na nov\u011b otev\u0159enou budoucnost a chce bezpochyby ur\u010dovat nov\u00e9 trendy souvisej\u00edc\u00ed s automobilov\u00fdm pr\u016fmyslem. P\u0159ed ned\u00e1vnem vy\u0161la zpr\u00e1va o p\u0159ipravovan\u00e9m prvn\u00edm elektromobilu, kter\u00fd by m\u011bl zanedlouho vstoupit na celosv\u011btov\u00fd trh skrze s\u00e9riovou v\u00fdrobu. Krom\u011b dieselov\u00e9ho a benzinov\u00e9ho motoru se tak na sv\u011btlo sv\u011bta dostanou i hybridi. Kdy se m\u00e1 prvn\u00ed elektromobil objevit? \u00dapln\u011b prvn\u00ed ostr\u00fd vstup na celosv\u011btov\u00fd trh se m\u00e1 uskute\u010dnit ji\u017e v roce 2020. Podle prvn\u00edch p\u0159edpoklad\u016f by si m\u011bl z\u00e1jemce p\u0159ipravit obdobn\u00e9 finan\u010dn\u00ed prost\u0159edky, kter\u00e9 dnes vynalo\u017e\u00ed na n\u00e1kup modern\u00edho dieselov\u00e9ho automobilu <\/p>\n","protected":false},"author":1,"featured_media":905,"comment_status":"open","ping_status":"open","sticky":false,"template":"","format":"standard","meta":[],"categories":[1,4],"tags":[],"yoast_head":"<!-- This site is optimized with the Yoast SEO plugin v19.0 - https:\/\/yoast.com\/wordpress\/plugins\/seo\/ -->\n<title>\u0160\u00e9f Maier se rozhovo\u0159il na t\u00e9ma cena prvn\u00edho elektromobilu spole\u010dnosti \u0160koda<\/title>\n<meta name=\"robots\" content=\"index, follow, max-snippet:-1, max-image-preview:large, max-video-preview:-1\" \/>\n<link rel=\"canonical\" href=\"https:\/\/www.povinneruceni.top\/clanky\/sef-maier-se-rozhovoril-tema-cena-prvniho-elektromobilu-spolecnosti-skoda\/\" \/>\n<meta property=\"og:locale\" content=\"cs_CZ\" \/>\n<meta property=\"og:type\" content=\"article\" \/>\n<meta property=\"og:title\" content=\"\u0160\u00e9f Maier se rozhovo\u0159il na t\u00e9ma cena prvn\u00edho elektromobilu spole\u010dnosti \u0160koda\" \/>\n<meta property=\"og:description\" content=\"Mladoboleslavsk\u00e1 automobilka samoz\u0159ejm\u011b st\u00e1le vyv\u00edj\u00ed nov\u00e9 technologie pro dieselov\u00e9 i benzinov\u00e9 motory. Pom\u00fd\u0161l\u00ed v\u0161ak i na nov\u011b otev\u0159enou budoucnost a chce bezpochyby ur\u010dovat nov\u00e9 trendy souvisej\u00edc\u00ed s automobilov\u00fdm pr\u016fmyslem. P\u0159ed ned\u00e1vnem vy\u0161la zpr\u00e1va o p\u0159ipravovan\u00e9m prvn\u00edm elektromobilu, kter\u00fd by m\u011bl zanedlouho vstoupit na celosv\u011btov\u00fd trh skrze s\u00e9riovou v\u00fdrobu. Krom\u011b dieselov\u00e9ho a benzinov\u00e9ho motoru se tak na sv\u011btlo sv\u011bta dostanou i hybridi. Kdy se m\u00e1 prvn\u00ed elektromobil objevit? \u00dapln\u011b prvn\u00ed ostr\u00fd vstup na celosv\u011btov\u00fd trh se m\u00e1 uskute\u010dnit ji\u017e v roce 2020. Podle prvn\u00edch p\u0159edpoklad\u016f by si m\u011bl z\u00e1jemce p\u0159ipravit obdobn\u00e9 finan\u010dn\u00ed prost\u0159edky, kter\u00e9 dnes vynalo\u017e\u00ed na n\u00e1kup modern\u00edho dieselov\u00e9ho automobilu\" \/>\n<meta property=\"og:url\" content=\"https:\/\/www.povinneruceni.top\/clanky\/sef-maier-se-rozhovoril-tema-cena-prvniho-elektromobilu-spolecnosti-skoda\/\" \/>\n<meta property=\"og:site_name\" content=\"Povinn\u00e9Ru\u010den\u00ed\" \/>\n<meta property=\"article:published_time\" content=\"2017-09-26T04:50:49+00:00\" \/>\n<meta property=\"article:modified_time\" content=\"2017-09-19T14:54:53+00:00\" \/>\n<meta property=\"og:image\" content=\"https:\/\/www.povinneruceni.top\/clanky\/wp-content\/uploads\/2017\/09\/\u0160koda-VisionE.jpg\" \/>\n\t<meta property=\"og:image:width\" content=\"640\" \/>\n\t<meta property=\"og:image:height\" content=\"480\" \/>\n\t<meta property=\"og:image:type\" content=\"image\/jpeg\" \/>\n<meta name=\"twitter:card\" content=\"summary\" \/>\n<meta name=\"twitter:label1\" content=\"Napsal(a)\" \/>\n\t<meta name=\"twitter:data1\" content=\"Tom\u00e1\u0161\" \/>\n\t<meta name=\"twitter:label2\" content=\"Odhadovan\u00e1 doba \u010dten\u00ed\" \/>\n\t<meta name=\"twitter:data2\" content=\"4 minuty\" \/>\n<script type=\"application\/ld+json\" class=\"yoast-schema-graph\">{\"@context\":\"https:\/\/schema.org\",\"@graph\":[{\"@type\":\"WebSite\",\"@id\":\"https:\/\/www.povinneruceni.top\/clanky\/#website\",\"url\":\"https:\/\/www.povinneruceni.top\/clanky\/\",\"name\":\"Povinn\u00e9Ru\u010den\u00ed\",\"description\":\"\",\"potentialAction\":[{\"@type\":\"SearchAction\",\"target\":{\"@type\":\"EntryPoint\",\"urlTemplate\":\"https:\/\/www.povinneruceni.top\/clanky\/?s={search_term_string}\"},\"query-input\":\"required name=search_term_string\"}],\"inLanguage\":\"cs\"},{\"@type\":\"ImageObject\",\"inLanguage\":\"cs\",\"@id\":\"https:\/\/www.povinneruceni.top\/clanky\/sef-maier-se-rozhovoril-tema-cena-prvniho-elektromobilu-spolecnosti-skoda\/#primaryimage\",\"url\":\"https:\/\/www.povinneruceni.top\/clanky\/wp-content\/uploads\/2017\/09\/\u0160koda-VisionE.jpg\",\"contentUrl\":\"https:\/\/www.povinneruceni.top\/clanky\/wp-content\/uploads\/2017\/09\/\u0160koda-VisionE.jpg\",\"width\":640,\"height\":480,\"caption\":\"\u0160koda VisionE\"},{\"@type\":\"WebPage\",\"@id\":\"https:\/\/www.povinneruceni.top\/clanky\/sef-maier-se-rozhovoril-tema-cena-prvniho-elektromobilu-spolecnosti-skoda\/#webpage\",\"url\":\"https:\/\/www.povinneruceni.top\/clanky\/sef-maier-se-rozhovoril-tema-cena-prvniho-elektromobilu-spolecnosti-skoda\/\",\"name\":\"\u0160\u00e9f Maier se rozhovo\u0159il na t\u00e9ma cena prvn\u00edho elektromobilu spole\u010dnosti \u0160koda\",\"isPartOf\":{\"@id\":\"https:\/\/www.povinneruceni.top\/clanky\/#website\"},\"primaryImageOfPage\":{\"@id\":\"https:\/\/www.povinneruceni.top\/clanky\/sef-maier-se-rozhovoril-tema-cena-prvniho-elektromobilu-spolecnosti-skoda\/#primaryimage\"},\"datePublished\":\"2017-09-26T04:50:49+00:00\",\"dateModified\":\"2017-09-19T14:54:53+00:00\",\"author\":{\"@id\":\"https:\/\/www.povinneruceni.top\/clanky\/#\/schema\/person\/f10533fb4b423f1f8a91178640719ffd\"},\"breadcrumb\":{\"@id\":\"https:\/\/www.povinneruceni.top\/clanky\/sef-maier-se-rozhovoril-tema-cena-prvniho-elektromobilu-spolecnosti-skoda\/#breadcrumb\"},\"inLanguage\":\"cs\",\"potentialAction\":[{\"@type\":\"ReadAction\",\"target\":[\"https:\/\/www.povinneruceni.top\/clanky\/sef-maier-se-rozhovoril-tema-cena-prvniho-elektromobilu-spolecnosti-skoda\/\"]}]},{\"@type\":\"BreadcrumbList\",\"@id\":\"https:\/\/www.povinneruceni.top\/clanky\/sef-maier-se-rozhovoril-tema-cena-prvniho-elektromobilu-spolecnosti-skoda\/#breadcrumb\",\"itemListElement\":[{\"@type\":\"ListItem\",\"position\":1,\"name\":\"Dom\u016f\",\"item\":\"https:\/\/www.povinneruceni.top\/clanky\/\"},{\"@type\":\"ListItem\",\"position\":2,\"name\":\"\u0160\u00e9f Maier se rozhovo\u0159il na t\u00e9ma cena prvn\u00edho elektromobilu spole\u010dnosti \u0160koda\"}]},{\"@type\":\"Person\",\"@id\":\"https:\/\/www.povinneruceni.top\/clanky\/#\/schema\/person\/f10533fb4b423f1f8a91178640719ffd\",\"name\":\"Tom\u00e1\u0161\",\"image\":{\"@type\":\"ImageObject\",\"inLanguage\":\"cs\",\"@id\":\"https:\/\/www.povinneruceni.top\/clanky\/#\/schema\/person\/image\/\",\"url\":\"https:\/\/secure.gravatar.com\/avatar\/10b8a71dd60dfeb871374f346c6dd851?s=96&d=mm&r=g\",\"contentUrl\":\"https:\/\/secure.gravatar.com\/avatar\/10b8a71dd60dfeb871374f346c6dd851?s=96&d=mm&r=g\",\"caption\":\"Tom\u00e1\u0161\"},\"url\":\"https:\/\/www.povinneruceni.top\/clanky\/author\/tomasvhd\/\"}]}<\/script>\n<!-- \/ Yoast SEO plugin. -->","yoast_head_json":{"title":"\u0160\u00e9f Maier se rozhovo\u0159il na t\u00e9ma cena prvn\u00edho elektromobilu spole\u010dnosti \u0160koda","robots":{"index":"index","follow":"follow","max-snippet":"max-snippet:-1","max-image-preview":"max-image-preview:large","max-video-preview":"max-video-preview:-1"},"canonical":"https:\/\/www.povinneruceni.top\/clanky\/sef-maier-se-rozhovoril-tema-cena-prvniho-elektromobilu-spolecnosti-skoda\/","og_locale":"cs_CZ","og_type":"article","og_title":"\u0160\u00e9f Maier se rozhovo\u0159il na t\u00e9ma cena prvn\u00edho elektromobilu spole\u010dnosti \u0160koda","og_description":"Mladoboleslavsk\u00e1 automobilka samoz\u0159ejm\u011b st\u00e1le vyv\u00edj\u00ed nov\u00e9 technologie pro dieselov\u00e9 i benzinov\u00e9 motory. Pom\u00fd\u0161l\u00ed v\u0161ak i na nov\u011b otev\u0159enou budoucnost a chce bezpochyby ur\u010dovat nov\u00e9 trendy souvisej\u00edc\u00ed s automobilov\u00fdm pr\u016fmyslem. P\u0159ed ned\u00e1vnem vy\u0161la zpr\u00e1va o p\u0159ipravovan\u00e9m prvn\u00edm elektromobilu, kter\u00fd by m\u011bl zanedlouho vstoupit na celosv\u011btov\u00fd trh skrze s\u00e9riovou v\u00fdrobu. Krom\u011b dieselov\u00e9ho a benzinov\u00e9ho motoru se tak na sv\u011btlo sv\u011bta dostanou i hybridi. Kdy se m\u00e1 prvn\u00ed elektromobil objevit? \u00dapln\u011b prvn\u00ed ostr\u00fd vstup na celosv\u011btov\u00fd trh se m\u00e1 uskute\u010dnit ji\u017e v roce 2020. Podle prvn\u00edch p\u0159edpoklad\u016f by si m\u011bl z\u00e1jemce p\u0159ipravit obdobn\u00e9 finan\u010dn\u00ed prost\u0159edky, kter\u00e9 dnes vynalo\u017e\u00ed na n\u00e1kup modern\u00edho dieselov\u00e9ho automobilu","og_url":"https:\/\/www.povinneruceni.top\/clanky\/sef-maier-se-rozhovoril-tema-cena-prvniho-elektromobilu-spolecnosti-skoda\/","og_site_name":"Povinn\u00e9Ru\u010den\u00ed","article_published_time":"2017-09-26T04:50:49+00:00","article_modified_time":"2017-09-19T14:54:53+00:00","og_image":[{"width":640,"height":480,"url":"https:\/\/www.povinneruceni.top\/clanky\/wp-content\/uploads\/2017\/09\/\u0160koda-VisionE.jpg","type":"image\/jpeg"}],"twitter_card":"summary","twitter_misc":{"Napsal(a)":"Tom\u00e1\u0161","Odhadovan\u00e1 doba \u010dten\u00ed":"4 minuty"},"schema":{"@context":"https:\/\/schema.org","@graph":[{"@type":"WebSite","@id":"https:\/\/www.povinneruceni.top\/clanky\/#website","url":"https:\/\/www.povinneruceni.top\/clanky\/","name":"Povinn\u00e9Ru\u010den\u00ed","description":"","potentialAction":[{"@type":"SearchAction","target":{"@type":"EntryPoint","urlTemplate":"https:\/\/www.povinneruceni.top\/clanky\/?s={search_term_string}"},"query-input":"required name=search_term_string"}],"inLanguage":"cs"},{"@type":"ImageObject","inLanguage":"cs","@id":"https:\/\/www.povinneruceni.top\/clanky\/sef-maier-se-rozhovoril-tema-cena-prvniho-elektromobilu-spolecnosti-skoda\/#primaryimage","url":"https:\/\/www.povinneruceni.top\/clanky\/wp-content\/uploads\/2017\/09\/\u0160koda-VisionE.jpg","contentUrl":"https:\/\/www.povinneruceni.top\/clanky\/wp-content\/uploads\/2017\/09\/\u0160koda-VisionE.jpg","width":640,"height":480,"caption":"\u0160koda VisionE"},{"@type":"WebPage","@id":"https:\/\/www.povinneruceni.top\/clanky\/sef-maier-se-rozhovoril-tema-cena-prvniho-elektromobilu-spolecnosti-skoda\/#webpage","url":"https:\/\/www.povinneruceni.top\/clanky\/sef-maier-se-rozhovoril-tema-cena-prvniho-elektromobilu-spolecnosti-skoda\/","name":"\u0160\u00e9f Maier se rozhovo\u0159il na t\u00e9ma cena prvn\u00edho elektromobilu spole\u010dnosti \u0160koda","isPartOf":{"@id":"https:\/\/www.povinneruceni.top\/clanky\/#website"},"primaryImageOfPage":{"@id":"https:\/\/www.povinneruceni.top\/clanky\/sef-maier-se-rozhovoril-tema-cena-prvniho-elektromobilu-spolecnosti-skoda\/#primaryimage"},"datePublished":"2017-09-26T04:50:49+00:00","dateModified":"2017-09-19T14:54:53+00:00","author":{"@id":"https:\/\/www.povinneruceni.top\/clanky\/#\/schema\/person\/f10533fb4b423f1f8a91178640719ffd"},"breadcrumb":{"@id":"https:\/\/www.povinneruceni.top\/clanky\/sef-maier-se-rozhovoril-tema-cena-prvniho-elektromobilu-spolecnosti-skoda\/#breadcrumb"},"inLanguage":"cs","potentialAction":[{"@type":"ReadAction","target":["https:\/\/www.povinneruceni.top\/clanky\/sef-maier-se-rozhovoril-tema-cena-prvniho-elektromobilu-spolecnosti-skoda\/"]}]},{"@type":"BreadcrumbList","@id":"https:\/\/www.povinneruceni.top\/clanky\/sef-maier-se-rozhovoril-tema-cena-prvniho-elektromobilu-spolecnosti-skoda\/#breadcrumb","itemListElement":[{"@type":"ListItem","position":1,"name":"Dom\u016f","item":"https:\/\/www.povinneruceni.top\/clanky\/"},{"@type":"ListItem","position":2,"name":"\u0160\u00e9f Maier se rozhovo\u0159il na t\u00e9ma cena prvn\u00edho elektromobilu spole\u010dnosti \u0160koda"}]},{"@type":"Person","@id":"https:\/\/www.povinneruceni.top\/clanky\/#\/schema\/person\/f10533fb4b423f1f8a91178640719ffd","name":"Tom\u00e1\u0161","image":{"@type":"ImageObject","inLanguage":"cs","@id":"https:\/\/www.povinneruceni.top\/clanky\/#\/schema\/person\/image\/","url":"https:\/\/secure.gravatar.com\/avatar\/10b8a71dd60dfeb871374f346c6dd851?s=96&d=mm&r=g","contentUrl":"https:\/\/secure.gravatar.com\/avatar\/10b8a71dd60dfeb871374f346c6dd851?s=96&d=mm&r=g","caption":"Tom\u00e1\u0161"},"url":"https:\/\/www.povinneruceni.top\/clanky\/author\/tomasvhd\/"}]}},"_links":{"self":[{"href":"https:\/\/www.povinneruceni.top\/clanky\/wp-json\/wp\/v2\/posts\/903"}],"collection":[{"href":"https:\/\/www.povinneruceni.top\/clanky\/wp-json\/wp\/v2\/posts"}],"about":[{"href":"https:\/\/www.povinneruceni.top\/clanky\/wp-json\/wp\/v2\/types\/post"}],"author":[{"embeddable":true,"href":"https:\/\/www.povinneruceni.top\/clanky\/wp-json\/wp\/v2\/users\/1"}],"replies":[{"embeddable":true,"href":"https:\/\/www.povinneruceni.top\/clanky\/wp-json\/wp\/v2\/comments?post=903"}],"version-history":[{"count":2,"href":"https:\/\/www.povinneruceni.top\/clanky\/wp-json\/wp\/v2\/posts\/903\/revisions"}],"predecessor-version":[{"id":909,"href":"https:\/\/www.povinneruceni.top\/clanky\/wp-json\/wp\/v2\/posts\/903\/revisions\/909"}],"wp:featuredmedia":[{"embeddable":true,"href":"https:\/\/www.povinneruceni.top\/clanky\/wp-json\/wp\/v2\/media\/905"}],"wp:attachment":[{"href":"https:\/\/www.povinneruceni.top\/clanky\/wp-json\/wp\/v2\/media?parent=903"}],"wp:term":[{"taxonomy":"category","embeddable":true,"href":"https:\/\/www.povinneruceni.top\/clanky\/wp-json\/wp\/v2\/categories?post=903"},{"taxonomy":"post_tag","embeddable":true,"href":"https:\/\/www.povinneruceni.top\/clanky\/wp-json\/wp\/v2\/tags?post=903"}],"curies":[{"name":"wp","href":"https:\/\/api.w.org\/{rel}","templated":true}]}}