{"id":591,"date":"2016-11-15T06:59:12","date_gmt":"2016-11-15T04:59:12","guid":{"rendered":"http:\/\/www.povinneruceni.top\/clanky\/?p=591"},"modified":"2016-11-08T10:02:26","modified_gmt":"2016-11-08T08:02:26","slug":"zvoni-dieselum-umiracek","status":"publish","type":"post","link":"https:\/\/www.povinneruceni.top\/clanky\/zvoni-dieselum-umiracek\/","title":{"rendered":"Zvon\u00ed diesel\u016fm um\u00edr\u00e1\u010dek?"},"content":{"rendered":"<p><strong>Psal se rok 1897, kdy ambici\u00f3zn\u00ed n\u011bmeck\u00fd in\u017een\u00fdr Rudolf Diesel dok\u00e1zal sestavit prvn\u00ed vysokotlak\u00fd, p\u00edstov\u00fd motor se samovoln\u00fdm z\u00e1\u017eehem. Diesel tehdy jist\u011b netu\u0161il, jakou revoluci p\u0159inese jeho, naftu spalovac\u00ed, motor do n\u00e1kladn\u00ed, ale i osobn\u00ed dopravy. Jak se ale \u0159\u00edk\u00e1, nic netrv\u00e1 v\u011b\u010dn\u011b a a\u010d se to m\u016f\u017ee mnoh\u00fdm motorist\u016fm zd\u00e1t jako nesmysl, dieselov\u00e9 motory budou pravd\u011bpodobn\u011b ji\u017e za n\u011bkolik let pat\u0159it minulosti.<\/strong><\/p>\n<h3>Kauza Dieselgate napov\u011bd\u011bla mnoh\u00e9<\/h3>\n<p>Lo\u0148sk\u00e9 provalen\u00ed podvod\u016f p\u0159i m\u011b\u0159en\u00ed spot\u0159eby paliva a m\u00edry vypou\u0161t\u011bn\u00fdch emis\u00ed u dieselov\u00fdch agreg\u00e1t\u016f automobilky Volkswagen dok\u00e1zalo roz\u010de\u0159it vody celosv\u011btov\u00e9ho autopr\u016fmyslu v\u00edce, ne\u017e kdo mohl \u010dekat. Nejen, \u017ee se uk\u00e1zalo, \u017ee na sv\u011bt\u011b existuje jen pram\u00e1lo automobilek, kter\u00e9 u test\u016f spot\u0159eby a m\u00edry vypou\u0161t\u011bn\u00fdch emis\u00ed nepodv\u00e1d\u00ed, uk\u00e1zalo se ov\u0161em i to, \u017ee budoucnost nen\u00ed dieselov\u00fdm motor\u016fm ani p\u0159i nejmen\u0161\u00edm naklon\u011bna. Pt\u00e1te se pro\u010d? Hned z n\u011bkolika d\u016fvod\u016f.<\/p>\n<p>\u010cesk\u00e1 republika b\u00fdv\u00e1 motoristick\u00fdmi novin\u00e1\u0159i \u010dasto s nads\u00e1zkou ozna\u010dov\u00e1na za r\u00e1j automobil\u016f se vzn\u011btov\u00fdm motorem. A je to pochopiteln\u00e9. \u010ce\u0161i si naftov\u00e9 motory obl\u00edbili zejm\u00e9na pro jejich dlouhou \u017eivotnost a n\u00edzkou spot\u0159ebu paliva. Dan\u00ed za tyto benefity, kter\u00e9 spalov\u00e1n\u00ed nafty vysokotlak\u00fdmi motory p\u0159in\u00e1\u0161\u00ed jsou ale vysok\u00e9 emise a vypou\u0161t\u011bn\u00ed pevn\u00fdch \u010d\u00e1stic do ovzdu\u0161\u00ed. Pr\u00e1v\u011b ty se sna\u017e\u00ed Evropsk\u00e1 Unie i dal\u0161\u00ed nadn\u00e1rodn\u00ed organizace sn\u00ed\u017eit mnoh\u00fdmi na\u0159\u00edzen\u00edmi a omezen\u00edmi, kter\u00e9 mus\u00ed automobilky plnit. Ty se postupem \u010dasu st\u00e1vaj\u00ed \u010d\u00edm dal tvrd\u0161\u00edmi a automobilky tak stoj\u00ed p\u0159ed nesnadn\u00fdm \u00fakolem. V\u00fdvoj modern\u00edch technologi\u00ed sni\u017euj\u00edc\u00ed vypou\u0161t\u011bn\u00e9 emise je neskute\u010dn\u011b n\u00e1kladn\u00fd, co\u017e se odr\u00e1\u017e\u00ed v rostouc\u00ed cen\u011b vzn\u011btov\u00fdch motor\u016f. Druhou mo\u017enost\u00ed, kterou automobilky maj\u00ed, je obch\u00e1zen\u00ed t\u011bchto limit\u016f. To se ov\u0161em stalo osudn\u00fdm automobilk\u00e1m jako Mercedes-Benz, Opel, Nissan, Mitsubishi a Volkswagen.<\/p>\n<h3>Volvo m\u00e1 jasno, pokud budou m\u00edt jasno i z\u00e1kazn\u00edci<\/h3>\n<p>\u0160\u00e9f \u0161v\u00e9dsk\u00e9 automobilky Volvo Hakan Samuelson v\u011b\u0161t\u00ed dieselov\u00fdm agreg\u00e1t\u016fm bl\u00edzk\u00fd konec. Dle jeho n\u00e1zoru budou vzn\u011btov\u00e9 agreg\u00e1ty nahrazeny plug-in hybridn\u00ed technologi\u00ed. K t\u00e9to technologick\u00e9 obm\u011bn\u011b m\u00e1 dle Samuelsona doj\u00edt ji\u017e v p\u0159\u00ed\u0161t\u00ed dek\u00e1d\u011b. \u201eJe to velmi atraktivn\u00ed varianta k dieselov\u00e9mu motoru,\u201c uvedl \u0161\u00e9f Volva ve vztahu k ned\u00e1vno odhalen\u00e9mu 1,5 litrov\u00e9mu t\u0159\u00edv\u00e1lci s elektromotorem. \u201eNab\u00edz\u00ed mnohem ni\u017e\u0161\u00ed emise CO2, ale v\u00edcem\u00e9n\u011b stejn\u00fd v\u00fdkon i to\u010div\u00fd moment. Dle m\u00e9ho n\u00e1zoru se pak b\u011bhem p\u0159\u00ed\u0161t\u00edch let do\u010dk\u00e1me cenov\u00e9 ro\u0161\u00e1dy, kdy diesely budou dra\u017e\u0161\u00ed a hybridn\u00ed syst\u00e9my zam\u00ed\u0159\u00ed sm\u011brem dol\u016f.\u201c Volvo se ov\u0161em jako jedna z m\u00e1la automobilek nev\u011bnuje pouze stavb\u011b osobn\u00edch automobil\u016f. Do jej\u00edho portfolia spadaj\u00ed i n\u00e1kladn\u00ed vozy a autobusy. Mohlo by se zd\u00e1t, \u017ee v tomto segmentu budou m\u00edt diesely sv\u00e9 m\u00edsto na dlouh\u00e9 \u010dasy jist\u00e9. Opak je ale pravdou a dle prohl\u00e1\u0161en\u00ed seve\u0159an\u016f je pou\u017eit\u00ed benz\u00edno-elektrick\u00fdch hybrid\u016f v n\u00e1kladn\u00edch automobilech ot\u00e1zkou n\u011bkolika let. Jedn\u00edm dechem s t\u011bmito vizemi do budoucna Samuelson ov\u0161em podotkl, \u017ee seversk\u00e1 automobilka dieselov\u00e9 motory st\u00e1hne z trhu pouze v p\u0159\u00edpad\u011b, budou-li si to \u017e\u00e1dat z\u00e1kazn\u00edci. Pokud bude na trhu m\u00edsto pro dieselov\u00e9 agreg\u00e1ty, je Volvo p\u0159ipraven\u00e9 sv\u00fdm z\u00e1kazn\u00edk\u016fm vyhov\u011bt.<\/p>\n<h3>Renault diesel ji\u017e odepsal<\/h3>\n<p>Zato jin\u00e1 evropsk\u00e1 automobilka m\u00e1 o budoucnosti dieselov\u00fdch motor\u016f vcelku jasno. Konkr\u00e9tn\u011b se jedn\u00e1 o automobilku Renault, kter\u00e1 pl\u00e1nuje \u00fapln\u00e9 ukon\u010den\u00ed v\u00fdroby vzn\u011btov\u00fdch agreg\u00e1t\u016f v roce 2025. D\u016fvod je op\u011bt jednoduch\u00fd. Renault musel v posledn\u00edm roce do v\u00fdvoje vzn\u011btov\u00fdch motor\u016f investovat v\u00edce ne\u017e t\u0159i miliardy korun nad r\u00e1mec p\u016fvodn\u00edho rozpo\u010dtu. Proto veden\u00ed automobilky s brou\u0161en\u00fdm diamantem ve znaku bude mezi lety 2017 a 2018 d\u016fkladn\u011b analyzovat z\u00e1jmy z\u00e1kazn\u00edk\u016f a \u00farovn\u011b prodej\u016f voz\u016f s dieselov\u00fdmi motory. V t\u011bchto letech se toti\u017e za\u010dne st\u00e1le v\u00edce projevovat prudk\u00e9 zdra\u017een\u00ed t\u00e9to technologie a odliv z\u00e1kazn\u00edk\u016f sm\u011brem k z\u00e1\u017eehov\u00fdm motor\u016fm. P\u0159\u00edklad o p\u0159edpokl\u00e1dan\u00e9m p\u00e1d\u016f vzn\u011btov\u00fdch motor\u016f si m\u016f\u017eeme uk\u00e1zat na domovin\u011b Renaultu. V sou\u010dasnosti je francouzsk\u00fd vozov\u00fd park tvo\u0159en z 80 % automobily se vzn\u011btov\u00fdmi motory a dle sou\u010dasn\u00fdch prodejn\u00edch \u010d\u00edsel tvo\u0159\u00ed diesely v\u00edce ne\u017e 60 % v\u0161ech prodan\u00fdch voz\u016f ve Francii. V roce 2030 se m\u00e1 ov\u0161em toto \u010d\u00edslo sn\u00ed\u017eit na pouh\u00fdch 8 %.<\/p>\n<h3>Korejci m\u00ed\u0159\u00ed k elektrifikaci<\/h3>\n<p>Stejn\u00e1 n\u00e1lada, kter\u00e1 panuje u veden\u00ed Renaultu, vl\u00e1dne i u jihokorejsk\u00e9 Kie. Ta rovn\u011b\u017e ozn\u00e1mila brzk\u00e9 ukon\u010den\u00ed produkce dieselov\u00fdch motor\u016f. Ty budou nahrazeny benz\u00ednov\u00fdmi plug-in hybridn\u00edmi a elektrick\u00fdmi agreg\u00e1ty, stejn\u011b jako v p\u0159\u00edpad\u011b Renaultu. O tom sv\u011bd\u010d\u00ed i p\u0159\u00edchod nov\u00e9 generace limuz\u00ednu Kia Optima. Ta je zat\u00edm k dispozici s tradi\u010dn\u00edm spalovac\u00edm motorem. Od ledna p\u0159\u00ed\u0161t\u00edho roku ale na trh vtrhne jej\u00ed varianta s hybridn\u00ed pohonnou jednotkou, kter\u00e1 od p\u0159\u00ed\u0161t\u00edch let zcela vytla\u010d\u00ed variantu s 1,6 litrov\u00fdm vzn\u011btov\u00fdm motorem.<\/p>\n<h3>Jak dlouho se diesely udr\u017e\u00ed mezi \u017eiv\u00fdmi?<\/h3>\n<p>\u017de si dieselov\u00e9 motory v bl\u00edzk\u00e9 budoucnosti nedok\u00e1\u017e\u00ed udr\u017eet svou dominantn\u00ed pozici na trhu, je v\u00edce m\u00e9n\u011b jasn\u00e9. Bude ale ot\u00e1zka, za jak dlouho z osobn\u00edch voz\u016f zmiz\u00ed \u00fapln\u011b. Volvo sice tvrd\u00ed, \u017ee bude dieselov\u00e9 motory pro osobn\u00ed vozy vyr\u00e1b\u011bt i v mal\u00fdch s\u00e9ri\u00edch, pokud o n\u011b bude z\u00e1jem. Budou ale n\u011bjac\u00ed z\u00e1kazn\u00edci skute\u010dn\u011b tou\u017eit po st\u00e1le dra\u017e\u0161\u00ed technologii, kterou hrav\u011b \u201estr\u010d\u00ed do kapsy\u201c benz\u00ednov\u00e9 motory, kter\u00e9 jsou levn\u011bj\u0161\u00ed na po\u0159\u00edzen\u00ed i provoz?<\/p>\n\n<div class=\"kk-star-ratings\n     kksr-valign-bottom     kksr-align-left    \"\n    data-payload=\"{&quot;align&quot;:&quot;left&quot;,&quot;id&quot;:&quot;591&quot;,&quot;slug&quot;:&quot;default&quot;,&quot;valign&quot;:&quot;bottom&quot;,&quot;reference&quot;:&quot;auto&quot;,&quot;count&quot;:&quot;1&quot;,&quot;readonly&quot;:&quot;&quot;,&quot;score&quot;:&quot;5&quot;,&quot;best&quot;:&quot;5&quot;,&quot;gap&quot;:&quot;5&quot;,&quot;greet&quot;:&quot;Rate this post&quot;,&quot;legend&quot;:&quot;5\\\/5 - (1 vote)&quot;,&quot;size&quot;:&quot;24&quot;,&quot;width&quot;:&quot;142.5&quot;,&quot;_legend&quot;:&quot;{score}\\\/{best} - ({count} {votes})&quot;}\">\n    \n<div class=\"kksr-stars\">\n    \n<div class=\"kksr-stars-inactive\">\n            <div class=\"kksr-star\" data-star=\"1\" style=\"padding-right: 5px\">\n            \n\n<div class=\"kksr-icon\" style=\"width: 24px; height: 24px;\"><\/div>\n        <\/div>\n            <div class=\"kksr-star\" data-star=\"2\" style=\"padding-right: 5px\">\n            \n\n<div class=\"kksr-icon\" style=\"width: 24px; height: 24px;\"><\/div>\n        <\/div>\n            <div class=\"kksr-star\" data-star=\"3\" style=\"padding-right: 5px\">\n            \n\n<div class=\"kksr-icon\" style=\"width: 24px; height: 24px;\"><\/div>\n        <\/div>\n            <div class=\"kksr-star\" data-star=\"4\" style=\"padding-right: 5px\">\n            \n\n<div class=\"kksr-icon\" style=\"width: 24px; height: 24px;\"><\/div>\n        <\/div>\n            <div class=\"kksr-star\" data-star=\"5\" style=\"padding-right: 5px\">\n            \n\n<div class=\"kksr-icon\" style=\"width: 24px; height: 24px;\"><\/div>\n        <\/div>\n    <\/div>\n    \n<div class=\"kksr-stars-active\" style=\"width: 142.5px;\">\n            <div class=\"kksr-star\" style=\"padding-right: 5px\">\n            \n\n<div class=\"kksr-icon\" style=\"width: 24px; height: 24px;\"><\/div>\n        <\/div>\n            <div class=\"kksr-star\" style=\"padding-right: 5px\">\n            \n\n<div class=\"kksr-icon\" style=\"width: 24px; height: 24px;\"><\/div>\n        <\/div>\n            <div class=\"kksr-star\" style=\"padding-right: 5px\">\n            \n\n<div class=\"kksr-icon\" style=\"width: 24px; height: 24px;\"><\/div>\n        <\/div>\n            <div class=\"kksr-star\" style=\"padding-right: 5px\">\n            \n\n<div class=\"kksr-icon\" style=\"width: 24px; height: 24px;\"><\/div>\n        <\/div>\n            <div class=\"kksr-star\" style=\"padding-right: 5px\">\n            \n\n<div class=\"kksr-icon\" style=\"width: 24px; height: 24px;\"><\/div>\n        <\/div>\n    <\/div>\n<\/div>\n    \n<div class=\"kksr-legend\">\n            5\/5 - (1 vote)    <\/div>\n<\/div>\n","protected":false},"excerpt":{"rendered":"<p>Psal se rok 1897, kdy ambici\u00f3zn\u00ed n\u011bmeck\u00fd in\u017een\u00fdr Rudolf Diesel dok\u00e1zal sestavit prvn\u00ed vysokotlak\u00fd, p\u00edstov\u00fd motor se samovoln\u00fdm z\u00e1\u017eehem. Diesel tehdy jist\u011b netu\u0161il, jakou revoluci p\u0159inese jeho, naftu spalovac\u00ed, motor do n\u00e1kladn\u00ed, ale i osobn\u00ed dopravy. Jak se ale \u0159\u00edk\u00e1, nic netrv\u00e1 v\u011b\u010dn\u011b a a\u010d se to m\u016f\u017ee mnoh\u00fdm motorist\u016fm zd\u00e1t jako nesmysl, dieselov\u00e9 motory budou pravd\u011bpodobn\u011b ji\u017e za n\u011bkolik let pat\u0159it minulosti. Kauza Dieselgate napov\u011bd\u011bla mnoh\u00e9 Lo\u0148sk\u00e9 provalen\u00ed podvod\u016f p\u0159i m\u011b\u0159en\u00ed spot\u0159eby paliva a m\u00edry vypou\u0161t\u011bn\u00fdch emis\u00ed u dieselov\u00fdch agreg\u00e1t\u016f automobilky Volkswagen dok\u00e1zalo roz\u010de\u0159it vody celosv\u011btov\u00e9ho autopr\u016fmyslu v\u00edce, ne\u017e kdo mohl \u010dekat. Nejen, \u017ee se uk\u00e1zalo, \u017ee na sv\u011bt\u011b <\/p>\n","protected":false},"author":1,"featured_media":592,"comment_status":"open","ping_status":"open","sticky":false,"template":"","format":"standard","meta":[],"categories":[4],"tags":[],"yoast_head":"<!-- This site is optimized with the Yoast SEO plugin v19.0 - https:\/\/yoast.com\/wordpress\/plugins\/seo\/ -->\n<title>Zvon\u00ed diesel\u016fm um\u00edr\u00e1\u010dek?<\/title>\n<meta name=\"robots\" content=\"index, follow, max-snippet:-1, max-image-preview:large, max-video-preview:-1\" \/>\n<link rel=\"canonical\" href=\"https:\/\/www.povinneruceni.top\/clanky\/zvoni-dieselum-umiracek\/\" \/>\n<meta property=\"og:locale\" content=\"cs_CZ\" \/>\n<meta property=\"og:type\" content=\"article\" \/>\n<meta property=\"og:title\" content=\"Zvon\u00ed diesel\u016fm um\u00edr\u00e1\u010dek?\" \/>\n<meta property=\"og:description\" content=\"Psal se rok 1897, kdy ambici\u00f3zn\u00ed n\u011bmeck\u00fd in\u017een\u00fdr Rudolf Diesel dok\u00e1zal sestavit prvn\u00ed vysokotlak\u00fd, p\u00edstov\u00fd motor se samovoln\u00fdm z\u00e1\u017eehem. Diesel tehdy jist\u011b netu\u0161il, jakou revoluci p\u0159inese jeho, naftu spalovac\u00ed, motor do n\u00e1kladn\u00ed, ale i osobn\u00ed dopravy. Jak se ale \u0159\u00edk\u00e1, nic netrv\u00e1 v\u011b\u010dn\u011b a a\u010d se to m\u016f\u017ee mnoh\u00fdm motorist\u016fm zd\u00e1t jako nesmysl, dieselov\u00e9 motory budou pravd\u011bpodobn\u011b ji\u017e za n\u011bkolik let pat\u0159it minulosti. Kauza Dieselgate napov\u011bd\u011bla mnoh\u00e9 Lo\u0148sk\u00e9 provalen\u00ed podvod\u016f p\u0159i m\u011b\u0159en\u00ed spot\u0159eby paliva a m\u00edry vypou\u0161t\u011bn\u00fdch emis\u00ed u dieselov\u00fdch agreg\u00e1t\u016f automobilky Volkswagen dok\u00e1zalo roz\u010de\u0159it vody celosv\u011btov\u00e9ho autopr\u016fmyslu v\u00edce, ne\u017e kdo mohl \u010dekat. Nejen, \u017ee se uk\u00e1zalo, \u017ee na sv\u011bt\u011b\" \/>\n<meta property=\"og:url\" content=\"https:\/\/www.povinneruceni.top\/clanky\/zvoni-dieselum-umiracek\/\" \/>\n<meta property=\"og:site_name\" content=\"Povinn\u00e9Ru\u010den\u00ed\" \/>\n<meta property=\"article:published_time\" content=\"2016-11-15T04:59:12+00:00\" \/>\n<meta property=\"article:modified_time\" content=\"2016-11-08T08:02:26+00:00\" \/>\n<meta property=\"og:image\" content=\"https:\/\/www.povinneruceni.top\/clanky\/wp-content\/uploads\/2016\/11\/diesel.jpg\" \/>\n\t<meta property=\"og:image:width\" content=\"640\" \/>\n\t<meta property=\"og:image:height\" content=\"425\" \/>\n\t<meta property=\"og:image:type\" content=\"image\/jpeg\" \/>\n<meta name=\"twitter:card\" content=\"summary\" \/>\n<meta name=\"twitter:label1\" content=\"Napsal(a)\" \/>\n\t<meta name=\"twitter:data1\" content=\"Tom\u00e1\u0161\" \/>\n\t<meta name=\"twitter:label2\" content=\"Odhadovan\u00e1 doba \u010dten\u00ed\" \/>\n\t<meta name=\"twitter:data2\" content=\"5 minut\" \/>\n<script type=\"application\/ld+json\" class=\"yoast-schema-graph\">{\"@context\":\"https:\/\/schema.org\",\"@graph\":[{\"@type\":\"WebSite\",\"@id\":\"https:\/\/www.povinneruceni.top\/clanky\/#website\",\"url\":\"https:\/\/www.povinneruceni.top\/clanky\/\",\"name\":\"Povinn\u00e9Ru\u010den\u00ed\",\"description\":\"\",\"potentialAction\":[{\"@type\":\"SearchAction\",\"target\":{\"@type\":\"EntryPoint\",\"urlTemplate\":\"https:\/\/www.povinneruceni.top\/clanky\/?s={search_term_string}\"},\"query-input\":\"required name=search_term_string\"}],\"inLanguage\":\"cs\"},{\"@type\":\"ImageObject\",\"inLanguage\":\"cs\",\"@id\":\"https:\/\/www.povinneruceni.top\/clanky\/zvoni-dieselum-umiracek\/#primaryimage\",\"url\":\"https:\/\/www.povinneruceni.top\/clanky\/wp-content\/uploads\/2016\/11\/diesel.jpg\",\"contentUrl\":\"https:\/\/www.povinneruceni.top\/clanky\/wp-content\/uploads\/2016\/11\/diesel.jpg\",\"width\":640,\"height\":425,\"caption\":\"diesel\"},{\"@type\":\"WebPage\",\"@id\":\"https:\/\/www.povinneruceni.top\/clanky\/zvoni-dieselum-umiracek\/#webpage\",\"url\":\"https:\/\/www.povinneruceni.top\/clanky\/zvoni-dieselum-umiracek\/\",\"name\":\"Zvon\u00ed diesel\u016fm um\u00edr\u00e1\u010dek?\",\"isPartOf\":{\"@id\":\"https:\/\/www.povinneruceni.top\/clanky\/#website\"},\"primaryImageOfPage\":{\"@id\":\"https:\/\/www.povinneruceni.top\/clanky\/zvoni-dieselum-umiracek\/#primaryimage\"},\"datePublished\":\"2016-11-15T04:59:12+00:00\",\"dateModified\":\"2016-11-08T08:02:26+00:00\",\"author\":{\"@id\":\"https:\/\/www.povinneruceni.top\/clanky\/#\/schema\/person\/f10533fb4b423f1f8a91178640719ffd\"},\"breadcrumb\":{\"@id\":\"https:\/\/www.povinneruceni.top\/clanky\/zvoni-dieselum-umiracek\/#breadcrumb\"},\"inLanguage\":\"cs\",\"potentialAction\":[{\"@type\":\"ReadAction\",\"target\":[\"https:\/\/www.povinneruceni.top\/clanky\/zvoni-dieselum-umiracek\/\"]}]},{\"@type\":\"BreadcrumbList\",\"@id\":\"https:\/\/www.povinneruceni.top\/clanky\/zvoni-dieselum-umiracek\/#breadcrumb\",\"itemListElement\":[{\"@type\":\"ListItem\",\"position\":1,\"name\":\"Dom\u016f\",\"item\":\"https:\/\/www.povinneruceni.top\/clanky\/\"},{\"@type\":\"ListItem\",\"position\":2,\"name\":\"Zvon\u00ed diesel\u016fm um\u00edr\u00e1\u010dek?\"}]},{\"@type\":\"Person\",\"@id\":\"https:\/\/www.povinneruceni.top\/clanky\/#\/schema\/person\/f10533fb4b423f1f8a91178640719ffd\",\"name\":\"Tom\u00e1\u0161\",\"image\":{\"@type\":\"ImageObject\",\"inLanguage\":\"cs\",\"@id\":\"https:\/\/www.povinneruceni.top\/clanky\/#\/schema\/person\/image\/\",\"url\":\"https:\/\/secure.gravatar.com\/avatar\/10b8a71dd60dfeb871374f346c6dd851?s=96&d=mm&r=g\",\"contentUrl\":\"https:\/\/secure.gravatar.com\/avatar\/10b8a71dd60dfeb871374f346c6dd851?s=96&d=mm&r=g\",\"caption\":\"Tom\u00e1\u0161\"},\"url\":\"https:\/\/www.povinneruceni.top\/clanky\/author\/tomasvhd\/\"}]}<\/script>\n<!-- \/ Yoast SEO plugin. -->","yoast_head_json":{"title":"Zvon\u00ed diesel\u016fm um\u00edr\u00e1\u010dek?","robots":{"index":"index","follow":"follow","max-snippet":"max-snippet:-1","max-image-preview":"max-image-preview:large","max-video-preview":"max-video-preview:-1"},"canonical":"https:\/\/www.povinneruceni.top\/clanky\/zvoni-dieselum-umiracek\/","og_locale":"cs_CZ","og_type":"article","og_title":"Zvon\u00ed diesel\u016fm um\u00edr\u00e1\u010dek?","og_description":"Psal se rok 1897, kdy ambici\u00f3zn\u00ed n\u011bmeck\u00fd in\u017een\u00fdr Rudolf Diesel dok\u00e1zal sestavit prvn\u00ed vysokotlak\u00fd, p\u00edstov\u00fd motor se samovoln\u00fdm z\u00e1\u017eehem. Diesel tehdy jist\u011b netu\u0161il, jakou revoluci p\u0159inese jeho, naftu spalovac\u00ed, motor do n\u00e1kladn\u00ed, ale i osobn\u00ed dopravy. Jak se ale \u0159\u00edk\u00e1, nic netrv\u00e1 v\u011b\u010dn\u011b a a\u010d se to m\u016f\u017ee mnoh\u00fdm motorist\u016fm zd\u00e1t jako nesmysl, dieselov\u00e9 motory budou pravd\u011bpodobn\u011b ji\u017e za n\u011bkolik let pat\u0159it minulosti. Kauza Dieselgate napov\u011bd\u011bla mnoh\u00e9 Lo\u0148sk\u00e9 provalen\u00ed podvod\u016f p\u0159i m\u011b\u0159en\u00ed spot\u0159eby paliva a m\u00edry vypou\u0161t\u011bn\u00fdch emis\u00ed u dieselov\u00fdch agreg\u00e1t\u016f automobilky Volkswagen dok\u00e1zalo roz\u010de\u0159it vody celosv\u011btov\u00e9ho autopr\u016fmyslu v\u00edce, ne\u017e kdo mohl \u010dekat. Nejen, \u017ee se uk\u00e1zalo, \u017ee na sv\u011bt\u011b","og_url":"https:\/\/www.povinneruceni.top\/clanky\/zvoni-dieselum-umiracek\/","og_site_name":"Povinn\u00e9Ru\u010den\u00ed","article_published_time":"2016-11-15T04:59:12+00:00","article_modified_time":"2016-11-08T08:02:26+00:00","og_image":[{"width":640,"height":425,"url":"https:\/\/www.povinneruceni.top\/clanky\/wp-content\/uploads\/2016\/11\/diesel.jpg","type":"image\/jpeg"}],"twitter_card":"summary","twitter_misc":{"Napsal(a)":"Tom\u00e1\u0161","Odhadovan\u00e1 doba \u010dten\u00ed":"5 minut"},"schema":{"@context":"https:\/\/schema.org","@graph":[{"@type":"WebSite","@id":"https:\/\/www.povinneruceni.top\/clanky\/#website","url":"https:\/\/www.povinneruceni.top\/clanky\/","name":"Povinn\u00e9Ru\u010den\u00ed","description":"","potentialAction":[{"@type":"SearchAction","target":{"@type":"EntryPoint","urlTemplate":"https:\/\/www.povinneruceni.top\/clanky\/?s={search_term_string}"},"query-input":"required name=search_term_string"}],"inLanguage":"cs"},{"@type":"ImageObject","inLanguage":"cs","@id":"https:\/\/www.povinneruceni.top\/clanky\/zvoni-dieselum-umiracek\/#primaryimage","url":"https:\/\/www.povinneruceni.top\/clanky\/wp-content\/uploads\/2016\/11\/diesel.jpg","contentUrl":"https:\/\/www.povinneruceni.top\/clanky\/wp-content\/uploads\/2016\/11\/diesel.jpg","width":640,"height":425,"caption":"diesel"},{"@type":"WebPage","@id":"https:\/\/www.povinneruceni.top\/clanky\/zvoni-dieselum-umiracek\/#webpage","url":"https:\/\/www.povinneruceni.top\/clanky\/zvoni-dieselum-umiracek\/","name":"Zvon\u00ed diesel\u016fm um\u00edr\u00e1\u010dek?","isPartOf":{"@id":"https:\/\/www.povinneruceni.top\/clanky\/#website"},"primaryImageOfPage":{"@id":"https:\/\/www.povinneruceni.top\/clanky\/zvoni-dieselum-umiracek\/#primaryimage"},"datePublished":"2016-11-15T04:59:12+00:00","dateModified":"2016-11-08T08:02:26+00:00","author":{"@id":"https:\/\/www.povinneruceni.top\/clanky\/#\/schema\/person\/f10533fb4b423f1f8a91178640719ffd"},"breadcrumb":{"@id":"https:\/\/www.povinneruceni.top\/clanky\/zvoni-dieselum-umiracek\/#breadcrumb"},"inLanguage":"cs","potentialAction":[{"@type":"ReadAction","target":["https:\/\/www.povinneruceni.top\/clanky\/zvoni-dieselum-umiracek\/"]}]},{"@type":"BreadcrumbList","@id":"https:\/\/www.povinneruceni.top\/clanky\/zvoni-dieselum-umiracek\/#breadcrumb","itemListElement":[{"@type":"ListItem","position":1,"name":"Dom\u016f","item":"https:\/\/www.povinneruceni.top\/clanky\/"},{"@type":"ListItem","position":2,"name":"Zvon\u00ed diesel\u016fm um\u00edr\u00e1\u010dek?"}]},{"@type":"Person","@id":"https:\/\/www.povinneruceni.top\/clanky\/#\/schema\/person\/f10533fb4b423f1f8a91178640719ffd","name":"Tom\u00e1\u0161","image":{"@type":"ImageObject","inLanguage":"cs","@id":"https:\/\/www.povinneruceni.top\/clanky\/#\/schema\/person\/image\/","url":"https:\/\/secure.gravatar.com\/avatar\/10b8a71dd60dfeb871374f346c6dd851?s=96&d=mm&r=g","contentUrl":"https:\/\/secure.gravatar.com\/avatar\/10b8a71dd60dfeb871374f346c6dd851?s=96&d=mm&r=g","caption":"Tom\u00e1\u0161"},"url":"https:\/\/www.povinneruceni.top\/clanky\/author\/tomasvhd\/"}]}},"_links":{"self":[{"href":"https:\/\/www.povinneruceni.top\/clanky\/wp-json\/wp\/v2\/posts\/591"}],"collection":[{"href":"https:\/\/www.povinneruceni.top\/clanky\/wp-json\/wp\/v2\/posts"}],"about":[{"href":"https:\/\/www.povinneruceni.top\/clanky\/wp-json\/wp\/v2\/types\/post"}],"author":[{"embeddable":true,"href":"https:\/\/www.povinneruceni.top\/clanky\/wp-json\/wp\/v2\/users\/1"}],"replies":[{"embeddable":true,"href":"https:\/\/www.povinneruceni.top\/clanky\/wp-json\/wp\/v2\/comments?post=591"}],"version-history":[{"count":0,"href":"https:\/\/www.povinneruceni.top\/clanky\/wp-json\/wp\/v2\/posts\/591\/revisions"}],"wp:featuredmedia":[{"embeddable":true,"href":"https:\/\/www.povinneruceni.top\/clanky\/wp-json\/wp\/v2\/media\/592"}],"wp:attachment":[{"href":"https:\/\/www.povinneruceni.top\/clanky\/wp-json\/wp\/v2\/media?parent=591"}],"wp:term":[{"taxonomy":"category","embeddable":true,"href":"https:\/\/www.povinneruceni.top\/clanky\/wp-json\/wp\/v2\/categories?post=591"},{"taxonomy":"post_tag","embeddable":true,"href":"https:\/\/www.povinneruceni.top\/clanky\/wp-json\/wp\/v2\/tags?post=591"}],"curies":[{"name":"wp","href":"https:\/\/api.w.org\/{rel}","templated":true}]}}