{"id":1163,"date":"2018-07-10T08:13:34","date_gmt":"2018-07-10T06:13:34","guid":{"rendered":"http:\/\/www.povinneruceni.top\/clanky\/?p=1163"},"modified":"2018-07-05T13:14:58","modified_gmt":"2018-07-05T11:14:58","slug":"auto-skoda-se-priznava-timhle-tempem-proste-nestihame-vyrabet","status":"publish","type":"post","link":"https:\/\/www.povinneruceni.top\/clanky\/auto-skoda-se-priznava-timhle-tempem-proste-nestihame-vyrabet\/","title":{"rendered":"Auto \u0160koda se p\u0159izn\u00e1v\u00e1: t\u00edmhle tempem prost\u011b nest\u00edh\u00e1me vyr\u00e1b\u011bt"},"content":{"rendered":"<p><strong>V Mlad\u00e9 Boleslavy se pravideln\u011b oslavuj\u00ed jubilejn\u00ed v\u00fdro\u010d\u00ed zaveden\u00fdch generac\u00ed, vzpom\u00edn\u00e1 se na miln\u00edky prad\u00e1vn\u00fdch koncept\u016f a v neposledn\u00ed \u0159ad\u011b se odhaluj\u00ed nej\u010derstv\u011bj\u0161\u00ed p\u0159ipravovan\u00e9 novinky. Mezi pozitivn\u011b lad\u011bn\u00fdmi informaci se v\u0161ak objevilo velk\u00e9 p\u0159izn\u00e1n\u00ed, \u017ee kapacitn\u00ed s\u00edly tuzemsk\u00e9 tov\u00e1rny doslova praskaj\u00ed ve \u0161vech a po\u017eadovan\u00fd po\u010det vozidel prost\u011b nejsou schopni v dohodnut\u00e9m term\u00ednu zhotovit.<\/strong><\/p>\n<p>Takto velk\u00e9 sousto se u\u017e hodn\u011b t\u011b\u017eko p\u0159e\u017evykuje, tak\u017ee nezb\u00fdv\u00e1 nic jin\u00e9ho ne\u017e po\u017e\u00e1dat o pomoc veden\u00ed koncernu Volkswagen.<\/p>\n<h3>Dlouhodob\u00fd boj s vyt\u00ed\u017eenost\u00ed vzd\u00e1vaj\u00ed<\/h3>\n<p>\u010cesk\u00e1 zna\u010dka nepop\u00edr\u00e1 dlouhodobou p\u0159et\u00ed\u017eenost, kter\u00e1 aktu\u00e1ln\u011b vy\u00fastila v ofici\u00e1ln\u00ed dozn\u00e1n\u00ed. \u0160lo jen o ot\u00e1zku \u010dasu, kdy se napl\u00e1novan\u00fd v\u00fdrobn\u00ed harmonogram pod t\u00edhou p\u0159edimenzovan\u00fdch n\u00e1rok\u016f zhrout\u00ed, jeliko\u017e se v n\u011bm nenach\u00e1zel \u017e\u00e1dn\u00fd prostor by\u0165 pro sebemen\u0161\u00ed pochyben\u00ed.<\/p>\n<p>Sou\u010dasn\u00fd \u0161\u00e9f automobilky Bernhard Maier s klidn\u00fdm postojem oznamuje, \u017ee se ur\u010dit\u00e1 \u010d\u00e1st v\u00fdroby bude muset p\u0159esunout do n\u011bmeck\u00e9ho Osnabr\u00fccku. Jedn\u00e1 se o prvn\u00ed varovn\u00fd sign\u00e1l poukazuj\u00edc\u00ed na \u0161patn\u00e9 napl\u00e1nov\u00e1n\u00ed v\u00fdrobn\u00edho procesu a rozumn\u011b rozvr\u017een\u00e9ho zat\u00ed\u017een\u00ed linek. Bernhard Maier i p\u0159es to nad\u00e1le trv\u00e1, \u017ee se do roku 2020 mus\u00ed v dalek\u00e9 \u010c\u00edn\u011b minim\u00e1ln\u011b zdvojn\u00e1sobit prodeje na 600 tis\u00edc aut ro\u010dn\u011b. Teprve po dosa\u017een\u00ed tohoto pl\u00e1nu na asijsk\u00e9m kontinentu se uk\u00e1\u017ee s\u00edla nejv\u00edce vyd\u011bl\u00e1vaj\u00edc\u00edho koncernu na sv\u011bt\u011b.<\/p>\n<h3>Restrukturalizace v\u00fdrobn\u00edch proces\u016f je mo\u017enost\u00ed<\/h3>\n<p>V r\u00e1mci pln\u011b vyu\u017eit\u00fdch kapacitn\u00edch mo\u017enosti \u010desk\u00e9 tov\u00e1rn\u00ed linky p\u0159ich\u00e1z\u00ed na \u0159adu my\u0161lenka efektivn\u00ed restrukturalizace. P\u0159esunut\u00e1 \u010d\u00e1st produkce za hranice na\u0161eho st\u00e1tu se tak ur\u010dit\u011b stane spou\u0161t\u011bc\u00edm mechanismem reorganizace st\u00e1vaj\u00edc\u00edch proces\u016f, kter\u00e1 by m\u011bla v\u00e9st k vy\u0161\u0161\u00ed efektivit\u011b v\u00fdroby.<\/p>\n<h3>Chce N\u011bmecko p\u0159esunout v\u00fdrobu z \u010cech k sob\u011b?<\/h3>\n<p>V n\u011bmeck\u00e9m Osnabr\u00fccku se \u017e\u00e1dn\u00e9 velk\u00e9 p\u0159ekvapen\u00ed nekon\u00e1 a k sou\u010dasn\u00e9mu lakov\u00e1n\u00ed na\u0161ich F\u00e1bi\u00ed pouze za\u0159ad\u00ed dal\u0161\u00ed v\u00fdrobn\u00ed proces.Volkswagen ubezpe\u010duje, \u017ee se nejedn\u00e1 o p\u0159esun v\u00fdroby \u010desk\u00fdch vozidel na \u00fazem\u00ed N\u011bmecka, ale jde o instantn\u00ed firemn\u00ed v\u00fdpomoc v dob\u00e1ch velk\u00e9ho vyt\u00ed\u017een\u00ed. Ofici\u00e1ln\u00ed zpr\u00e1va o prav\u00e9 podstat\u011b p\u0159esunu se objevila ihned po prvn\u00edch spekulac\u00edch, \u017ee N\u011bmecko chce Mladou Boleslav zbavit prioritn\u00ed v\u00fdsady vyr\u00e1b\u011bt \u010desk\u00e1 vozidla pod svou vlastn\u00ed re\u017ei\u00ed. V N\u011bmecku je pro tento rok napl\u00e1nov\u00e1na je\u0161t\u011b jedna velk\u00e1 v\u00fdpomoc konkr\u00e9tn\u011b s lakov\u00e1n\u00edm karos\u00e9rie modelu Karoq.<\/p>\n<h3>Investice do nov\u00fdch hal je nevyhnuteln\u00e1, ale u n\u00e1s to nebude<\/h3>\n<p>Megalomansk\u00fd koncern Volkswagen se neust\u00e1le rozr\u016fst\u00e1, o \u010dem\u017e vypov\u00eddaj\u00ed i pravideln\u011b uv\u00e1d\u011bn\u00e9 novinky v opravdu rychl\u00e9m sledu. V minulosti se v pr\u016fb\u011bhu roku objevilo jen n\u011bkolik zaj\u00edmav\u00fdch \u00faprav st\u00e1vaj\u00edc\u00edch generac\u00ed a jednou za del\u0161\u00ed \u010dasov\u00e9 obdob\u00ed sjelo z linek nov\u00e9 vozidlo.<\/p>\n<p>Aktu\u00e1ln\u011b nen\u00ed probl\u00e9m p\u0159edstavit i t\u0159i \u00fapln\u011b nov\u00e9 vozidla v jednom roce, to si v\u0161ak pochopiteln\u011b \u017e\u00e1d\u00e1 nav\u00fd\u0161en\u00ed v\u00fdrobn\u00edch kapacit. Investice do r\u016fstu je tak nevyhnuteln\u00fdm krokem. Podle nej\u010derstv\u011bj\u0161\u00edch informac\u00ed by se dal\u0161\u00ed v\u00fdrobn\u00ed z\u00e1vod zam\u011b\u0159en\u00fd na automobily \u0160koda m\u011bl objevit mimo \u00fazem\u00ed na\u0161eho st\u00e1tu. Do budoucna je zapot\u0159eb\u00ed zajistit mnohem v\u011bt\u0161\u00ed flexibilitu a ta je ze sou\u010dasn\u00e9ho hlediska v\u00edce ne\u017e nedostate\u010dn\u00e1.<\/p>\n<h3>Na 15 m\u00edstech u\u017e dnes<\/h3>\n<p>Vozy \u0160koda se montuj\u00ed v 15 v\u00fdrobn\u00edch z\u00e1vodech. Krom\u011b Kvasin, Mlad\u00e9 Boleslavy a Vrchlab\u00ed se pak tov\u00e1rn\u00ed haly nach\u00e1zej\u00ed nap\u0159\u00edklad v Al\u017e\u00edrsku, Indii, Rusku, \u010c\u00edn\u011b, Slovensku, Ukrajin\u011b nebo Kazachst\u00e1nu. Z celosv\u011btov\u00e9ho hlediska zam\u011bstn\u00e1v\u00e1 p\u0159es 35 000 lid\u00ed a p\u016fsob\u00ed ve v\u00edce jak 100 zem\u00edch sv\u011bta.<\/p>\n<p>Do sedmi let by se tento po\u010det m\u011bl nav\u00fd\u0161it o dal\u0161\u00edch 20 zem\u00ed. Letos se nap\u0159\u00edklad automobilka \u0160koda \u00fapln\u011b poprv\u00e9 objev\u00ed v Singapuru a n\u00e1sleduj\u00edc\u00ed rok je v pl\u00e1nu Jihoafrick\u00e1 republika &#8211; zde se v\u0161ak jedn\u00e1 o nepotvrzen\u00e9 informace.<\/p>\n<p>Nejsiln\u011bj\u0161\u00edm tr\u017en\u00edm segmentem je pak \u010c\u00edna, kde se prodalo v\u00edce jak 300 tis\u00edc voz\u016f za rok, a proto se na zdej\u0161\u00ed trh v\u00edce zatla\u010d\u00ed a do roku 2020 se z n\u011bj automobilka pokus\u00ed vyt\u011b\u017eit co nejv\u00edce.<\/p>\n<p>Pl\u00e1nuje se zdvojn\u00e1soben\u00ed prodeje. Auto \u0160koda se v\u011bnuje kategorii vozidel SUV a tento t\u00fdden na tamn\u00edm trhu p\u0159edstavila m\u011bstsk\u00fd crossover, kter\u00fd je prozat\u00edm ur\u010den\u00fd pouze pro \u010d\u00ednsk\u00fd trh. \u0160koda Kamiq je tak v \u0159ad\u011b t\u0159et\u00edm SUV vozem prod\u00e1van\u00fdm na \u010d\u00ednsk\u00e9m trhu. Mimo to se je\u0161t\u011b v tomto roce pl\u00e1nuje p\u0159edstaven\u00ed nov\u00e9 alternativn\u00ed verze Kodiaq GT s karos\u00e1\u0159skou \u00fapravou.<\/p>\n<h3>Nedok\u00e1\u017eeme je vyrobit, proto u n\u00e1s nejsou<\/h3>\n<p>Nedosta\u010duj\u00edc\u00ed v\u00fdrobn\u00ed kapacita linek na evropsk\u00e9m kontinentu n\u00e1s od nov\u00fdch model\u016f \u0160koda dr\u017e\u00ed hodn\u011b daleko. Jednodu\u0161e \u0159e\u010deno, prozat\u00edm si nov\u00e9 kousky m\u016f\u017ee dovolit pouze takov\u00e1 zem\u011b, kter\u00e1 si je dok\u00e1\u017ee vyrobit. Snad se tento probl\u00e9m poda\u0159\u00ed co nejd\u0159\u00edve odstranit a haly \u0160koda naleznou dal\u0161\u00ed domov.<\/p>\n\n<div class=\"kk-star-ratings\n     kksr-valign-bottom     kksr-align-left    \"\n    data-payload=\"{&quot;align&quot;:&quot;left&quot;,&quot;id&quot;:&quot;1163&quot;,&quot;slug&quot;:&quot;default&quot;,&quot;valign&quot;:&quot;bottom&quot;,&quot;reference&quot;:&quot;auto&quot;,&quot;count&quot;:&quot;1&quot;,&quot;readonly&quot;:&quot;&quot;,&quot;score&quot;:&quot;5&quot;,&quot;best&quot;:&quot;5&quot;,&quot;gap&quot;:&quot;5&quot;,&quot;greet&quot;:&quot;Rate this post&quot;,&quot;legend&quot;:&quot;5\\\/5 - (1 vote)&quot;,&quot;size&quot;:&quot;24&quot;,&quot;width&quot;:&quot;142.5&quot;,&quot;_legend&quot;:&quot;{score}\\\/{best} - ({count} {votes})&quot;}\">\n    \n<div class=\"kksr-stars\">\n    \n<div class=\"kksr-stars-inactive\">\n            <div class=\"kksr-star\" data-star=\"1\" style=\"padding-right: 5px\">\n            \n\n<div class=\"kksr-icon\" style=\"width: 24px; height: 24px;\"><\/div>\n        <\/div>\n            <div class=\"kksr-star\" data-star=\"2\" style=\"padding-right: 5px\">\n            \n\n<div class=\"kksr-icon\" style=\"width: 24px; height: 24px;\"><\/div>\n        <\/div>\n            <div class=\"kksr-star\" data-star=\"3\" style=\"padding-right: 5px\">\n            \n\n<div class=\"kksr-icon\" style=\"width: 24px; height: 24px;\"><\/div>\n        <\/div>\n            <div class=\"kksr-star\" data-star=\"4\" style=\"padding-right: 5px\">\n            \n\n<div class=\"kksr-icon\" style=\"width: 24px; height: 24px;\"><\/div>\n        <\/div>\n            <div class=\"kksr-star\" data-star=\"5\" style=\"padding-right: 5px\">\n            \n\n<div class=\"kksr-icon\" style=\"width: 24px; height: 24px;\"><\/div>\n        <\/div>\n    <\/div>\n    \n<div class=\"kksr-stars-active\" style=\"width: 142.5px;\">\n            <div class=\"kksr-star\" style=\"padding-right: 5px\">\n            \n\n<div class=\"kksr-icon\" style=\"width: 24px; height: 24px;\"><\/div>\n        <\/div>\n            <div class=\"kksr-star\" style=\"padding-right: 5px\">\n            \n\n<div class=\"kksr-icon\" style=\"width: 24px; height: 24px;\"><\/div>\n        <\/div>\n            <div class=\"kksr-star\" style=\"padding-right: 5px\">\n            \n\n<div class=\"kksr-icon\" style=\"width: 24px; height: 24px;\"><\/div>\n        <\/div>\n            <div class=\"kksr-star\" style=\"padding-right: 5px\">\n            \n\n<div class=\"kksr-icon\" style=\"width: 24px; height: 24px;\"><\/div>\n        <\/div>\n            <div class=\"kksr-star\" style=\"padding-right: 5px\">\n            \n\n<div class=\"kksr-icon\" style=\"width: 24px; height: 24px;\"><\/div>\n        <\/div>\n    <\/div>\n<\/div>\n    \n<div class=\"kksr-legend\">\n            5\/5 - (1 vote)    <\/div>\n<\/div>\n","protected":false},"excerpt":{"rendered":"<p>V Mlad\u00e9 Boleslavy se pravideln\u011b oslavuj\u00ed jubilejn\u00ed v\u00fdro\u010d\u00ed zaveden\u00fdch generac\u00ed, vzpom\u00edn\u00e1 se na miln\u00edky prad\u00e1vn\u00fdch koncept\u016f a v neposledn\u00ed \u0159ad\u011b se odhaluj\u00ed nej\u010derstv\u011bj\u0161\u00ed p\u0159ipravovan\u00e9 novinky. Mezi pozitivn\u011b lad\u011bn\u00fdmi informaci se v\u0161ak objevilo velk\u00e9 p\u0159izn\u00e1n\u00ed, \u017ee kapacitn\u00ed s\u00edly tuzemsk\u00e9 tov\u00e1rny doslova praskaj\u00ed ve \u0161vech a po\u017eadovan\u00fd po\u010det vozidel prost\u011b nejsou schopni v dohodnut\u00e9m term\u00ednu zhotovit. Takto velk\u00e9 sousto se u\u017e hodn\u011b t\u011b\u017eko p\u0159e\u017evykuje, tak\u017ee nezb\u00fdv\u00e1 nic jin\u00e9ho ne\u017e po\u017e\u00e1dat o pomoc veden\u00ed koncernu Volkswagen. Dlouhodob\u00fd boj s vyt\u00ed\u017eenost\u00ed vzd\u00e1vaj\u00ed \u010cesk\u00e1 zna\u010dka nepop\u00edr\u00e1 dlouhodobou p\u0159et\u00ed\u017eenost, kter\u00e1 aktu\u00e1ln\u011b vy\u00fastila v ofici\u00e1ln\u00ed dozn\u00e1n\u00ed. \u0160lo jen o ot\u00e1zku \u010dasu, kdy se napl\u00e1novan\u00fd v\u00fdrobn\u00ed harmonogram pod <\/p>\n","protected":false},"author":1,"featured_media":95,"comment_status":"open","ping_status":"open","sticky":false,"template":"","format":"standard","meta":[],"categories":[1,4],"tags":[],"yoast_head":"<!-- This site is optimized with the Yoast SEO plugin v19.0 - https:\/\/yoast.com\/wordpress\/plugins\/seo\/ -->\n<title>Auto \u0160koda se p\u0159izn\u00e1v\u00e1: t\u00edmhle tempem prost\u011b nest\u00edh\u00e1me vyr\u00e1b\u011bt<\/title>\n<meta name=\"robots\" content=\"index, follow, max-snippet:-1, max-image-preview:large, max-video-preview:-1\" \/>\n<link rel=\"canonical\" href=\"https:\/\/www.povinneruceni.top\/clanky\/auto-skoda-se-priznava-timhle-tempem-proste-nestihame-vyrabet\/\" \/>\n<meta property=\"og:locale\" content=\"cs_CZ\" \/>\n<meta property=\"og:type\" content=\"article\" \/>\n<meta property=\"og:title\" content=\"Auto \u0160koda se p\u0159izn\u00e1v\u00e1: t\u00edmhle tempem prost\u011b nest\u00edh\u00e1me vyr\u00e1b\u011bt\" \/>\n<meta property=\"og:description\" content=\"V Mlad\u00e9 Boleslavy se pravideln\u011b oslavuj\u00ed jubilejn\u00ed v\u00fdro\u010d\u00ed zaveden\u00fdch generac\u00ed, vzpom\u00edn\u00e1 se na miln\u00edky prad\u00e1vn\u00fdch koncept\u016f a v neposledn\u00ed \u0159ad\u011b se odhaluj\u00ed nej\u010derstv\u011bj\u0161\u00ed p\u0159ipravovan\u00e9 novinky. Mezi pozitivn\u011b lad\u011bn\u00fdmi informaci se v\u0161ak objevilo velk\u00e9 p\u0159izn\u00e1n\u00ed, \u017ee kapacitn\u00ed s\u00edly tuzemsk\u00e9 tov\u00e1rny doslova praskaj\u00ed ve \u0161vech a po\u017eadovan\u00fd po\u010det vozidel prost\u011b nejsou schopni v dohodnut\u00e9m term\u00ednu zhotovit. Takto velk\u00e9 sousto se u\u017e hodn\u011b t\u011b\u017eko p\u0159e\u017evykuje, tak\u017ee nezb\u00fdv\u00e1 nic jin\u00e9ho ne\u017e po\u017e\u00e1dat o pomoc veden\u00ed koncernu Volkswagen. Dlouhodob\u00fd boj s vyt\u00ed\u017eenost\u00ed vzd\u00e1vaj\u00ed \u010cesk\u00e1 zna\u010dka nepop\u00edr\u00e1 dlouhodobou p\u0159et\u00ed\u017eenost, kter\u00e1 aktu\u00e1ln\u011b vy\u00fastila v ofici\u00e1ln\u00ed dozn\u00e1n\u00ed. \u0160lo jen o ot\u00e1zku \u010dasu, kdy se napl\u00e1novan\u00fd v\u00fdrobn\u00ed harmonogram pod\" \/>\n<meta property=\"og:url\" content=\"https:\/\/www.povinneruceni.top\/clanky\/auto-skoda-se-priznava-timhle-tempem-proste-nestihame-vyrabet\/\" \/>\n<meta property=\"og:site_name\" content=\"Povinn\u00e9Ru\u010den\u00ed\" \/>\n<meta property=\"article:published_time\" content=\"2018-07-10T06:13:34+00:00\" \/>\n<meta property=\"article:modified_time\" content=\"2018-07-05T11:14:58+00:00\" \/>\n<meta property=\"og:image\" content=\"https:\/\/www.povinneruceni.top\/clanky\/wp-content\/uploads\/2015\/12\/\u0161koda-new.jpg\" \/>\n\t<meta property=\"og:image:width\" content=\"800\" \/>\n\t<meta property=\"og:image:height\" content=\"534\" \/>\n\t<meta property=\"og:image:type\" content=\"image\/jpeg\" \/>\n<meta name=\"twitter:card\" content=\"summary\" \/>\n<meta name=\"twitter:label1\" content=\"Napsal(a)\" \/>\n\t<meta name=\"twitter:data1\" content=\"Tom\u00e1\u0161\" \/>\n\t<meta name=\"twitter:label2\" content=\"Odhadovan\u00e1 doba \u010dten\u00ed\" \/>\n\t<meta name=\"twitter:data2\" content=\"5 minut\" \/>\n<script type=\"application\/ld+json\" class=\"yoast-schema-graph\">{\"@context\":\"https:\/\/schema.org\",\"@graph\":[{\"@type\":\"WebSite\",\"@id\":\"https:\/\/www.povinneruceni.top\/clanky\/#website\",\"url\":\"https:\/\/www.povinneruceni.top\/clanky\/\",\"name\":\"Povinn\u00e9Ru\u010den\u00ed\",\"description\":\"\",\"potentialAction\":[{\"@type\":\"SearchAction\",\"target\":{\"@type\":\"EntryPoint\",\"urlTemplate\":\"https:\/\/www.povinneruceni.top\/clanky\/?s={search_term_string}\"},\"query-input\":\"required name=search_term_string\"}],\"inLanguage\":\"cs\"},{\"@type\":\"ImageObject\",\"inLanguage\":\"cs\",\"@id\":\"https:\/\/www.povinneruceni.top\/clanky\/auto-skoda-se-priznava-timhle-tempem-proste-nestihame-vyrabet\/#primaryimage\",\"url\":\"https:\/\/www.povinneruceni.top\/clanky\/wp-content\/uploads\/2015\/12\/\u0161koda-new.jpg\",\"contentUrl\":\"https:\/\/www.povinneruceni.top\/clanky\/wp-content\/uploads\/2015\/12\/\u0161koda-new.jpg\",\"width\":800,\"height\":534},{\"@type\":\"WebPage\",\"@id\":\"https:\/\/www.povinneruceni.top\/clanky\/auto-skoda-se-priznava-timhle-tempem-proste-nestihame-vyrabet\/#webpage\",\"url\":\"https:\/\/www.povinneruceni.top\/clanky\/auto-skoda-se-priznava-timhle-tempem-proste-nestihame-vyrabet\/\",\"name\":\"Auto \u0160koda se p\u0159izn\u00e1v\u00e1: t\u00edmhle tempem prost\u011b nest\u00edh\u00e1me vyr\u00e1b\u011bt\",\"isPartOf\":{\"@id\":\"https:\/\/www.povinneruceni.top\/clanky\/#website\"},\"primaryImageOfPage\":{\"@id\":\"https:\/\/www.povinneruceni.top\/clanky\/auto-skoda-se-priznava-timhle-tempem-proste-nestihame-vyrabet\/#primaryimage\"},\"datePublished\":\"2018-07-10T06:13:34+00:00\",\"dateModified\":\"2018-07-05T11:14:58+00:00\",\"author\":{\"@id\":\"https:\/\/www.povinneruceni.top\/clanky\/#\/schema\/person\/f10533fb4b423f1f8a91178640719ffd\"},\"breadcrumb\":{\"@id\":\"https:\/\/www.povinneruceni.top\/clanky\/auto-skoda-se-priznava-timhle-tempem-proste-nestihame-vyrabet\/#breadcrumb\"},\"inLanguage\":\"cs\",\"potentialAction\":[{\"@type\":\"ReadAction\",\"target\":[\"https:\/\/www.povinneruceni.top\/clanky\/auto-skoda-se-priznava-timhle-tempem-proste-nestihame-vyrabet\/\"]}]},{\"@type\":\"BreadcrumbList\",\"@id\":\"https:\/\/www.povinneruceni.top\/clanky\/auto-skoda-se-priznava-timhle-tempem-proste-nestihame-vyrabet\/#breadcrumb\",\"itemListElement\":[{\"@type\":\"ListItem\",\"position\":1,\"name\":\"Dom\u016f\",\"item\":\"https:\/\/www.povinneruceni.top\/clanky\/\"},{\"@type\":\"ListItem\",\"position\":2,\"name\":\"Auto \u0160koda se p\u0159izn\u00e1v\u00e1: t\u00edmhle tempem prost\u011b nest\u00edh\u00e1me vyr\u00e1b\u011bt\"}]},{\"@type\":\"Person\",\"@id\":\"https:\/\/www.povinneruceni.top\/clanky\/#\/schema\/person\/f10533fb4b423f1f8a91178640719ffd\",\"name\":\"Tom\u00e1\u0161\",\"image\":{\"@type\":\"ImageObject\",\"inLanguage\":\"cs\",\"@id\":\"https:\/\/www.povinneruceni.top\/clanky\/#\/schema\/person\/image\/\",\"url\":\"https:\/\/secure.gravatar.com\/avatar\/10b8a71dd60dfeb871374f346c6dd851?s=96&d=mm&r=g\",\"contentUrl\":\"https:\/\/secure.gravatar.com\/avatar\/10b8a71dd60dfeb871374f346c6dd851?s=96&d=mm&r=g\",\"caption\":\"Tom\u00e1\u0161\"},\"url\":\"https:\/\/www.povinneruceni.top\/clanky\/author\/tomasvhd\/\"}]}<\/script>\n<!-- \/ Yoast SEO plugin. -->","yoast_head_json":{"title":"Auto \u0160koda se p\u0159izn\u00e1v\u00e1: t\u00edmhle tempem prost\u011b nest\u00edh\u00e1me vyr\u00e1b\u011bt","robots":{"index":"index","follow":"follow","max-snippet":"max-snippet:-1","max-image-preview":"max-image-preview:large","max-video-preview":"max-video-preview:-1"},"canonical":"https:\/\/www.povinneruceni.top\/clanky\/auto-skoda-se-priznava-timhle-tempem-proste-nestihame-vyrabet\/","og_locale":"cs_CZ","og_type":"article","og_title":"Auto \u0160koda se p\u0159izn\u00e1v\u00e1: t\u00edmhle tempem prost\u011b nest\u00edh\u00e1me vyr\u00e1b\u011bt","og_description":"V Mlad\u00e9 Boleslavy se pravideln\u011b oslavuj\u00ed jubilejn\u00ed v\u00fdro\u010d\u00ed zaveden\u00fdch generac\u00ed, vzpom\u00edn\u00e1 se na miln\u00edky prad\u00e1vn\u00fdch koncept\u016f a v neposledn\u00ed \u0159ad\u011b se odhaluj\u00ed nej\u010derstv\u011bj\u0161\u00ed p\u0159ipravovan\u00e9 novinky. Mezi pozitivn\u011b lad\u011bn\u00fdmi informaci se v\u0161ak objevilo velk\u00e9 p\u0159izn\u00e1n\u00ed, \u017ee kapacitn\u00ed s\u00edly tuzemsk\u00e9 tov\u00e1rny doslova praskaj\u00ed ve \u0161vech a po\u017eadovan\u00fd po\u010det vozidel prost\u011b nejsou schopni v dohodnut\u00e9m term\u00ednu zhotovit. Takto velk\u00e9 sousto se u\u017e hodn\u011b t\u011b\u017eko p\u0159e\u017evykuje, tak\u017ee nezb\u00fdv\u00e1 nic jin\u00e9ho ne\u017e po\u017e\u00e1dat o pomoc veden\u00ed koncernu Volkswagen. Dlouhodob\u00fd boj s vyt\u00ed\u017eenost\u00ed vzd\u00e1vaj\u00ed \u010cesk\u00e1 zna\u010dka nepop\u00edr\u00e1 dlouhodobou p\u0159et\u00ed\u017eenost, kter\u00e1 aktu\u00e1ln\u011b vy\u00fastila v ofici\u00e1ln\u00ed dozn\u00e1n\u00ed. \u0160lo jen o ot\u00e1zku \u010dasu, kdy se napl\u00e1novan\u00fd v\u00fdrobn\u00ed harmonogram pod","og_url":"https:\/\/www.povinneruceni.top\/clanky\/auto-skoda-se-priznava-timhle-tempem-proste-nestihame-vyrabet\/","og_site_name":"Povinn\u00e9Ru\u010den\u00ed","article_published_time":"2018-07-10T06:13:34+00:00","article_modified_time":"2018-07-05T11:14:58+00:00","og_image":[{"width":800,"height":534,"url":"https:\/\/www.povinneruceni.top\/clanky\/wp-content\/uploads\/2015\/12\/\u0161koda-new.jpg","type":"image\/jpeg"}],"twitter_card":"summary","twitter_misc":{"Napsal(a)":"Tom\u00e1\u0161","Odhadovan\u00e1 doba \u010dten\u00ed":"5 minut"},"schema":{"@context":"https:\/\/schema.org","@graph":[{"@type":"WebSite","@id":"https:\/\/www.povinneruceni.top\/clanky\/#website","url":"https:\/\/www.povinneruceni.top\/clanky\/","name":"Povinn\u00e9Ru\u010den\u00ed","description":"","potentialAction":[{"@type":"SearchAction","target":{"@type":"EntryPoint","urlTemplate":"https:\/\/www.povinneruceni.top\/clanky\/?s={search_term_string}"},"query-input":"required name=search_term_string"}],"inLanguage":"cs"},{"@type":"ImageObject","inLanguage":"cs","@id":"https:\/\/www.povinneruceni.top\/clanky\/auto-skoda-se-priznava-timhle-tempem-proste-nestihame-vyrabet\/#primaryimage","url":"https:\/\/www.povinneruceni.top\/clanky\/wp-content\/uploads\/2015\/12\/\u0161koda-new.jpg","contentUrl":"https:\/\/www.povinneruceni.top\/clanky\/wp-content\/uploads\/2015\/12\/\u0161koda-new.jpg","width":800,"height":534},{"@type":"WebPage","@id":"https:\/\/www.povinneruceni.top\/clanky\/auto-skoda-se-priznava-timhle-tempem-proste-nestihame-vyrabet\/#webpage","url":"https:\/\/www.povinneruceni.top\/clanky\/auto-skoda-se-priznava-timhle-tempem-proste-nestihame-vyrabet\/","name":"Auto \u0160koda se p\u0159izn\u00e1v\u00e1: t\u00edmhle tempem prost\u011b nest\u00edh\u00e1me vyr\u00e1b\u011bt","isPartOf":{"@id":"https:\/\/www.povinneruceni.top\/clanky\/#website"},"primaryImageOfPage":{"@id":"https:\/\/www.povinneruceni.top\/clanky\/auto-skoda-se-priznava-timhle-tempem-proste-nestihame-vyrabet\/#primaryimage"},"datePublished":"2018-07-10T06:13:34+00:00","dateModified":"2018-07-05T11:14:58+00:00","author":{"@id":"https:\/\/www.povinneruceni.top\/clanky\/#\/schema\/person\/f10533fb4b423f1f8a91178640719ffd"},"breadcrumb":{"@id":"https:\/\/www.povinneruceni.top\/clanky\/auto-skoda-se-priznava-timhle-tempem-proste-nestihame-vyrabet\/#breadcrumb"},"inLanguage":"cs","potentialAction":[{"@type":"ReadAction","target":["https:\/\/www.povinneruceni.top\/clanky\/auto-skoda-se-priznava-timhle-tempem-proste-nestihame-vyrabet\/"]}]},{"@type":"BreadcrumbList","@id":"https:\/\/www.povinneruceni.top\/clanky\/auto-skoda-se-priznava-timhle-tempem-proste-nestihame-vyrabet\/#breadcrumb","itemListElement":[{"@type":"ListItem","position":1,"name":"Dom\u016f","item":"https:\/\/www.povinneruceni.top\/clanky\/"},{"@type":"ListItem","position":2,"name":"Auto \u0160koda se p\u0159izn\u00e1v\u00e1: t\u00edmhle tempem prost\u011b nest\u00edh\u00e1me vyr\u00e1b\u011bt"}]},{"@type":"Person","@id":"https:\/\/www.povinneruceni.top\/clanky\/#\/schema\/person\/f10533fb4b423f1f8a91178640719ffd","name":"Tom\u00e1\u0161","image":{"@type":"ImageObject","inLanguage":"cs","@id":"https:\/\/www.povinneruceni.top\/clanky\/#\/schema\/person\/image\/","url":"https:\/\/secure.gravatar.com\/avatar\/10b8a71dd60dfeb871374f346c6dd851?s=96&d=mm&r=g","contentUrl":"https:\/\/secure.gravatar.com\/avatar\/10b8a71dd60dfeb871374f346c6dd851?s=96&d=mm&r=g","caption":"Tom\u00e1\u0161"},"url":"https:\/\/www.povinneruceni.top\/clanky\/author\/tomasvhd\/"}]}},"_links":{"self":[{"href":"https:\/\/www.povinneruceni.top\/clanky\/wp-json\/wp\/v2\/posts\/1163"}],"collection":[{"href":"https:\/\/www.povinneruceni.top\/clanky\/wp-json\/wp\/v2\/posts"}],"about":[{"href":"https:\/\/www.povinneruceni.top\/clanky\/wp-json\/wp\/v2\/types\/post"}],"author":[{"embeddable":true,"href":"https:\/\/www.povinneruceni.top\/clanky\/wp-json\/wp\/v2\/users\/1"}],"replies":[{"embeddable":true,"href":"https:\/\/www.povinneruceni.top\/clanky\/wp-json\/wp\/v2\/comments?post=1163"}],"version-history":[{"count":1,"href":"https:\/\/www.povinneruceni.top\/clanky\/wp-json\/wp\/v2\/posts\/1163\/revisions"}],"predecessor-version":[{"id":1164,"href":"https:\/\/www.povinneruceni.top\/clanky\/wp-json\/wp\/v2\/posts\/1163\/revisions\/1164"}],"wp:featuredmedia":[{"embeddable":true,"href":"https:\/\/www.povinneruceni.top\/clanky\/wp-json\/wp\/v2\/media\/95"}],"wp:attachment":[{"href":"https:\/\/www.povinneruceni.top\/clanky\/wp-json\/wp\/v2\/media?parent=1163"}],"wp:term":[{"taxonomy":"category","embeddable":true,"href":"https:\/\/www.povinneruceni.top\/clanky\/wp-json\/wp\/v2\/categories?post=1163"},{"taxonomy":"post_tag","embeddable":true,"href":"https:\/\/www.povinneruceni.top\/clanky\/wp-json\/wp\/v2\/tags?post=1163"}],"curies":[{"name":"wp","href":"https:\/\/api.w.org\/{rel}","templated":true}]}}