{"id":1089,"date":"2018-03-20T09:17:52","date_gmt":"2018-03-20T07:17:52","guid":{"rendered":"http:\/\/www.povinneruceni.top\/clanky\/?p=1089"},"modified":"2018-03-14T13:58:43","modified_gmt":"2018-03-14T11:58:43","slug":"mlada-boleslav-nespi-novy-facelift-superb-zverejneno","status":"publish","type":"post","link":"https:\/\/www.povinneruceni.top\/clanky\/mlada-boleslav-nespi-novy-facelift-superb-zverejneno\/","title":{"rendered":"Mlad\u00e1 Boleslav nesp\u00ed &#8211; nov\u00fd facelift Superb zve\u0159ejn\u011bno"},"content":{"rendered":"<p><strong>Mladoboleslavsk\u00e1 automobilka neust\u00e1le s ve\u0161ker\u00fdm \u00fasil\u00edm pracuje na zdokonalov\u00e1n\u00ed a z\u00e1rove\u0148 modernizovan\u00ed sv\u00e9ho vozov\u00e9ho parku. Pro tentokr\u00e1t se pomysln\u00e1 ru\u010di\u010dka s p\u0159\u00edslibem technologick\u00e9ho vylep\u0161en\u00ed zastavila na vlajkov\u00e9 lodi Superb.V upraven\u00e9 verzi se m\u00e1 dostat na celosv\u011btov\u00fd trh za\u010d\u00e1tkem roku 2019. Horkou novinkou se v tomto vylep\u0161en\u00ed stane plugin hybridn\u00ed model.<\/strong><\/p>\n<p>3. generace obl\u00edben\u00e9ho modelu \u0160koda Superb se poprv\u00e9 na sv\u011btlo sv\u011bta dostala ji\u017e roku 2015. Bude tomu tedy \u010dty\u0159i roky co se na podobu vzhledov\u00e9 charakteristiky vozu nes\u00e1hlo. Z tohoto hlediska nast\u00e1v\u00e1 ide\u00e1ln\u00ed doba k ur\u010dit\u00e9mu posunu a k vylad\u011bn\u00ed st\u00e1vaj\u00edc\u00ed podoby za pomoc\u00ed inovovan\u00e9 techniky.<\/p>\n<h3>Prvn\u00ed informace jsou venku<\/h3>\n<p>V internetov\u00fdch vod\u00e1ch se p\u0159ed n\u011bkolika dny objevily \u00fapln\u011b prvn\u00ed sn\u00edmky p\u0159epracovan\u00e9ho n\u00e1razn\u00edku modernizovan\u00e9ho Superbu. Fotografie jsou zve\u0159ejn\u011bn\u00e9 na fanou\u0161kovsk\u00fdch str\u00e1nk\u00e1ch zhotoven\u00fdch p\u0159\u00edmo pro tento typ vozidla.<\/p>\n<p>D\u016fkazn\u00ed materi\u00e1ly potvrzuji zpr\u00e1vy z ned\u00e1vn\u00e9 minulosti o zachov\u00e1n\u00ed dne\u0161n\u00edho tvaru sv\u011btlomet\u016f, p\u0159i\u010dem\u017e prolis pod nimi \u00fapln\u011b zmiz\u00ed. Hlavn\u00ed zm\u011bny se t\u00fdkaj\u00ed p\u0159edev\u0161\u00edm tvaru chlad\u00edc\u00edch otvor\u016f v n\u00e1razn\u00edku, kter\u00e9 by podle informac\u00ed m\u011bly b\u00fdt ohrani\u010deny chromovanou li\u0161tou. Chrom se mimo jin\u00e9 objev\u00ed i na z\u00e1di pro c\u00edlen\u00e9 o\u017eiven\u00ed vizu\u00e1ln\u00ed atraktivity vozidla. Podle v\u0161eho by m\u011blo j\u00edt o li\u0161tu nad registra\u010dn\u00ed zna\u010dkou, kter\u00e1 propojuje koncov\u00e1 sv\u011btla.<\/p>\n<h3>Varianta Laurin a Klement<\/h3>\n<p>P\u0159i pohledu na luxusn\u00ed variantu Laurin a Klement si nelze nepov\u0161imnout velk\u00e9 zaj\u00edmavosti nach\u00e1zej\u00edc\u00ed se na p\u0159edn\u00edm n\u00e1razn\u00edku. Je ozdoben vhodn\u011b um\u00edst\u011bn\u00fdm prolisem tak, aby tato vrcholn\u00e1 verze byla na silnic\u00edch l\u00e9pe rozpoznateln\u00e1. P\u0159\u00edtomn\u00e1 sv\u011btla budou nav\u00edc obohacena o novou techniku Matrix LED.<\/p>\n<p>Nez\u00e1visle na manu\u00e1ln\u00edm ovl\u00e1d\u00e1n\u00ed se budou jednotliv\u00e9 segmenty lampy zhas\u00ednat s ohledem na protijedouc\u00ed \u0159idi\u010de. Tato nov\u00e1 technologie m\u00e1 zm\u00edrnit negativn\u00ed dopady osl\u0148ov\u00e1n\u00ed, kter\u00e9 mnohdy vedou k nep\u0159\u00edjemn\u00fdm dopravn\u00edm karambolu. Pokud se zam\u011b\u0159\u00edme na interi\u00e9r vozidla odhal\u00edme vylep\u0161en\u00ed v podob\u011b digit\u00e1ln\u00edho p\u0159\u00edstrojov\u00e9ho \u0161t\u00edtu. Ten u\u017e byl p\u0159edstaven nap\u0159\u00edklad v Karoqu.<\/p>\n<h3>Modern\u00ed vzhled a vylep\u0161en\u00e1 technika<\/h3>\n<p>Inovovan\u00fd vzhled modernizovan\u00e9ho Superbu bude dopln\u011bn o vylep\u0161enou techniku. Projekt ji\u017e po\u010d\u00edt\u00e1 s nastupuj\u00edc\u00ed emisn\u00ed normou Euro 6c, kter\u00e1 podle posledn\u00edch reakc\u00ed v\u00fdrobc\u016f doslova zam\u00e1v\u00e1 automobilov\u00fdm pr\u016fmyslem a celkovou reorganizac\u00ed st\u00e1vaj\u00edc\u00ed nab\u00eddky motoru. Ji\u017e dop\u0159edu se po\u010d\u00edt\u00e1 se z\u00e1stavbou filtru pevn\u00fdch \u010d\u00e1stic i v p\u0159\u00edpad\u011b benzinov\u00fdch motor\u016f. Dosavadn\u00ed \u010dtrn\u00e1ctistovka by tak mohla b\u00fdt nahrazena novou 15 stovkou, kterou ji\u017e zn\u00e1me z nejnov\u011bj\u0161\u00edho modelu Karoq.<\/p>\n<h3>Nejd\u016fle\u017eit\u011bj\u0161\u00ed novinka na z\u00e1v\u011br<\/h3>\n<p>Naprosto nejd\u016fle\u017eit\u011bj\u0161\u00ed novinkou se v\u0161ak st\u00e1v\u00e1 p\u0159\u00edchod plugin hybridu. Prozat\u00edm nen\u00ed zcela jasn\u00e9, jakou techniku nakonec vyu\u017eije. V\u0161e je prozat\u00edm zahaleno do spekulativn\u00edho mrak\u016f ne\u00fapln\u00fdch informac\u00ed. V t\u00e9to souvislosti se v\u0161ak nejv\u00edce hovo\u0159\u00ed o kombinaci 1,4 TSI s elektromotorem a p\u0159evodovkou DSG, jako je tomu nap\u0159\u00edklad v Passatu GTE.<\/p>\n<p>Pokud se tato informace potvrd\u00ed, p\u016fjde o kombinovan\u00fd v\u00fdkon 160 kW. Aktu\u00e1ln\u00ed informace t\u00fdkaj\u00edc\u00ed se modernizovan\u00e9ho Superbu se op\u00edr\u00e1 o zah\u00e1jen\u00ed prodeje na za\u010d\u00e1tku roku 2019. V p\u0159\u00edpad\u011b, \u017ee tomu tak skute\u010dn\u011b bude, m\u016f\u017eeme se t\u011b\u0161it na ofici\u00e1ln\u00ed v\u00fdstavn\u00ed premi\u00e9ru, kter\u00e1 by mohla prob\u011bhnout ji\u017e na podzimn\u00edm autosalonu v Pa\u0159\u00ed\u017ei.<\/p>\n\n<div class=\"kk-star-ratings\n     kksr-valign-bottom     kksr-align-left    \"\n    data-payload=\"{&quot;align&quot;:&quot;left&quot;,&quot;id&quot;:&quot;1089&quot;,&quot;slug&quot;:&quot;default&quot;,&quot;valign&quot;:&quot;bottom&quot;,&quot;reference&quot;:&quot;auto&quot;,&quot;count&quot;:&quot;1&quot;,&quot;readonly&quot;:&quot;&quot;,&quot;score&quot;:&quot;5&quot;,&quot;best&quot;:&quot;5&quot;,&quot;gap&quot;:&quot;5&quot;,&quot;greet&quot;:&quot;Rate this post&quot;,&quot;legend&quot;:&quot;5\\\/5 - (1 vote)&quot;,&quot;size&quot;:&quot;24&quot;,&quot;width&quot;:&quot;142.5&quot;,&quot;_legend&quot;:&quot;{score}\\\/{best} - ({count} {votes})&quot;}\">\n    \n<div class=\"kksr-stars\">\n    \n<div class=\"kksr-stars-inactive\">\n            <div class=\"kksr-star\" data-star=\"1\" style=\"padding-right: 5px\">\n            \n\n<div class=\"kksr-icon\" style=\"width: 24px; height: 24px;\"><\/div>\n        <\/div>\n            <div class=\"kksr-star\" data-star=\"2\" style=\"padding-right: 5px\">\n            \n\n<div class=\"kksr-icon\" style=\"width: 24px; height: 24px;\"><\/div>\n        <\/div>\n            <div class=\"kksr-star\" data-star=\"3\" style=\"padding-right: 5px\">\n            \n\n<div class=\"kksr-icon\" style=\"width: 24px; height: 24px;\"><\/div>\n        <\/div>\n            <div class=\"kksr-star\" data-star=\"4\" style=\"padding-right: 5px\">\n            \n\n<div class=\"kksr-icon\" style=\"width: 24px; height: 24px;\"><\/div>\n        <\/div>\n            <div class=\"kksr-star\" data-star=\"5\" style=\"padding-right: 5px\">\n            \n\n<div class=\"kksr-icon\" style=\"width: 24px; height: 24px;\"><\/div>\n        <\/div>\n    <\/div>\n    \n<div class=\"kksr-stars-active\" style=\"width: 142.5px;\">\n            <div class=\"kksr-star\" style=\"padding-right: 5px\">\n            \n\n<div class=\"kksr-icon\" style=\"width: 24px; height: 24px;\"><\/div>\n        <\/div>\n            <div class=\"kksr-star\" style=\"padding-right: 5px\">\n            \n\n<div class=\"kksr-icon\" style=\"width: 24px; height: 24px;\"><\/div>\n        <\/div>\n            <div class=\"kksr-star\" style=\"padding-right: 5px\">\n            \n\n<div class=\"kksr-icon\" style=\"width: 24px; height: 24px;\"><\/div>\n        <\/div>\n            <div class=\"kksr-star\" style=\"padding-right: 5px\">\n            \n\n<div class=\"kksr-icon\" style=\"width: 24px; height: 24px;\"><\/div>\n        <\/div>\n            <div class=\"kksr-star\" style=\"padding-right: 5px\">\n            \n\n<div class=\"kksr-icon\" style=\"width: 24px; height: 24px;\"><\/div>\n        <\/div>\n    <\/div>\n<\/div>\n    \n<div class=\"kksr-legend\">\n            5\/5 - (1 vote)    <\/div>\n<\/div>\n","protected":false},"excerpt":{"rendered":"<p>Mladoboleslavsk\u00e1 automobilka neust\u00e1le s ve\u0161ker\u00fdm \u00fasil\u00edm pracuje na zdokonalov\u00e1n\u00ed a z\u00e1rove\u0148 modernizovan\u00ed sv\u00e9ho vozov\u00e9ho parku. Pro tentokr\u00e1t se pomysln\u00e1 ru\u010di\u010dka s p\u0159\u00edslibem technologick\u00e9ho vylep\u0161en\u00ed zastavila na vlajkov\u00e9 lodi Superb.V upraven\u00e9 verzi se m\u00e1 dostat na celosv\u011btov\u00fd trh za\u010d\u00e1tkem roku 2019. Horkou novinkou se v tomto vylep\u0161en\u00ed stane plugin hybridn\u00ed model. 3. generace obl\u00edben\u00e9ho modelu \u0160koda Superb se poprv\u00e9 na sv\u011btlo sv\u011bta dostala ji\u017e roku 2015. Bude tomu tedy \u010dty\u0159i roky co se na podobu vzhledov\u00e9 charakteristiky vozu nes\u00e1hlo. Z tohoto hlediska nast\u00e1v\u00e1 ide\u00e1ln\u00ed doba k ur\u010dit\u00e9mu posunu a k vylad\u011bn\u00ed st\u00e1vaj\u00edc\u00ed podoby za pomoc\u00ed inovovan\u00e9 techniky. Prvn\u00ed informace jsou venku <\/p>\n","protected":false},"author":1,"featured_media":1112,"comment_status":"open","ping_status":"open","sticky":false,"template":"","format":"standard","meta":[],"categories":[1,4],"tags":[],"yoast_head":"<!-- This site is optimized with the Yoast SEO plugin v19.0 - https:\/\/yoast.com\/wordpress\/plugins\/seo\/ -->\n<title>Mlad\u00e1 Boleslav nesp\u00ed - nov\u00fd facelift Superb zve\u0159ejn\u011bno<\/title>\n<meta name=\"robots\" content=\"index, follow, max-snippet:-1, max-image-preview:large, max-video-preview:-1\" \/>\n<link rel=\"canonical\" href=\"https:\/\/www.povinneruceni.top\/clanky\/mlada-boleslav-nespi-novy-facelift-superb-zverejneno\/\" \/>\n<meta property=\"og:locale\" content=\"cs_CZ\" \/>\n<meta property=\"og:type\" content=\"article\" \/>\n<meta property=\"og:title\" content=\"Mlad\u00e1 Boleslav nesp\u00ed - nov\u00fd facelift Superb zve\u0159ejn\u011bno\" \/>\n<meta property=\"og:description\" content=\"Mladoboleslavsk\u00e1 automobilka neust\u00e1le s ve\u0161ker\u00fdm \u00fasil\u00edm pracuje na zdokonalov\u00e1n\u00ed a z\u00e1rove\u0148 modernizovan\u00ed sv\u00e9ho vozov\u00e9ho parku. Pro tentokr\u00e1t se pomysln\u00e1 ru\u010di\u010dka s p\u0159\u00edslibem technologick\u00e9ho vylep\u0161en\u00ed zastavila na vlajkov\u00e9 lodi Superb.V upraven\u00e9 verzi se m\u00e1 dostat na celosv\u011btov\u00fd trh za\u010d\u00e1tkem roku 2019. Horkou novinkou se v tomto vylep\u0161en\u00ed stane plugin hybridn\u00ed model. 3. generace obl\u00edben\u00e9ho modelu \u0160koda Superb se poprv\u00e9 na sv\u011btlo sv\u011bta dostala ji\u017e roku 2015. Bude tomu tedy \u010dty\u0159i roky co se na podobu vzhledov\u00e9 charakteristiky vozu nes\u00e1hlo. Z tohoto hlediska nast\u00e1v\u00e1 ide\u00e1ln\u00ed doba k ur\u010dit\u00e9mu posunu a k vylad\u011bn\u00ed st\u00e1vaj\u00edc\u00ed podoby za pomoc\u00ed inovovan\u00e9 techniky. Prvn\u00ed informace jsou venku\" \/>\n<meta property=\"og:url\" content=\"https:\/\/www.povinneruceni.top\/clanky\/mlada-boleslav-nespi-novy-facelift-superb-zverejneno\/\" \/>\n<meta property=\"og:site_name\" content=\"Povinn\u00e9Ru\u010den\u00ed\" \/>\n<meta property=\"article:published_time\" content=\"2018-03-20T07:17:52+00:00\" \/>\n<meta property=\"article:modified_time\" content=\"2018-03-14T11:58:43+00:00\" \/>\n<meta property=\"og:image\" content=\"https:\/\/www.povinneruceni.top\/clanky\/wp-content\/uploads\/2018\/03\/mlada-boleslav-nespi-novy-facelift-superb-zverejneno.jpg\" \/>\n\t<meta property=\"og:image:width\" content=\"640\" \/>\n\t<meta property=\"og:image:height\" content=\"480\" \/>\n\t<meta property=\"og:image:type\" content=\"image\/jpeg\" \/>\n<meta name=\"twitter:card\" content=\"summary\" \/>\n<meta name=\"twitter:label1\" content=\"Napsal(a)\" \/>\n\t<meta name=\"twitter:data1\" content=\"Tom\u00e1\u0161\" \/>\n\t<meta name=\"twitter:label2\" content=\"Odhadovan\u00e1 doba \u010dten\u00ed\" \/>\n\t<meta name=\"twitter:data2\" content=\"3 minuty\" \/>\n<script type=\"application\/ld+json\" class=\"yoast-schema-graph\">{\"@context\":\"https:\/\/schema.org\",\"@graph\":[{\"@type\":\"WebSite\",\"@id\":\"https:\/\/www.povinneruceni.top\/clanky\/#website\",\"url\":\"https:\/\/www.povinneruceni.top\/clanky\/\",\"name\":\"Povinn\u00e9Ru\u010den\u00ed\",\"description\":\"\",\"potentialAction\":[{\"@type\":\"SearchAction\",\"target\":{\"@type\":\"EntryPoint\",\"urlTemplate\":\"https:\/\/www.povinneruceni.top\/clanky\/?s={search_term_string}\"},\"query-input\":\"required name=search_term_string\"}],\"inLanguage\":\"cs\"},{\"@type\":\"ImageObject\",\"inLanguage\":\"cs\",\"@id\":\"https:\/\/www.povinneruceni.top\/clanky\/mlada-boleslav-nespi-novy-facelift-superb-zverejneno\/#primaryimage\",\"url\":\"https:\/\/www.povinneruceni.top\/clanky\/wp-content\/uploads\/2018\/03\/mlada-boleslav-nespi-novy-facelift-superb-zverejneno.jpg\",\"contentUrl\":\"https:\/\/www.povinneruceni.top\/clanky\/wp-content\/uploads\/2018\/03\/mlada-boleslav-nespi-novy-facelift-superb-zverejneno.jpg\",\"width\":640,\"height\":480,\"caption\":\"Mlad\u00e1 Boleslav nesp\u00ed - nov\u00fd facelift Superb zve\u0159ejn\u011bno\"},{\"@type\":\"WebPage\",\"@id\":\"https:\/\/www.povinneruceni.top\/clanky\/mlada-boleslav-nespi-novy-facelift-superb-zverejneno\/#webpage\",\"url\":\"https:\/\/www.povinneruceni.top\/clanky\/mlada-boleslav-nespi-novy-facelift-superb-zverejneno\/\",\"name\":\"Mlad\u00e1 Boleslav nesp\u00ed - nov\u00fd facelift Superb zve\u0159ejn\u011bno\",\"isPartOf\":{\"@id\":\"https:\/\/www.povinneruceni.top\/clanky\/#website\"},\"primaryImageOfPage\":{\"@id\":\"https:\/\/www.povinneruceni.top\/clanky\/mlada-boleslav-nespi-novy-facelift-superb-zverejneno\/#primaryimage\"},\"datePublished\":\"2018-03-20T07:17:52+00:00\",\"dateModified\":\"2018-03-14T11:58:43+00:00\",\"author\":{\"@id\":\"https:\/\/www.povinneruceni.top\/clanky\/#\/schema\/person\/f10533fb4b423f1f8a91178640719ffd\"},\"breadcrumb\":{\"@id\":\"https:\/\/www.povinneruceni.top\/clanky\/mlada-boleslav-nespi-novy-facelift-superb-zverejneno\/#breadcrumb\"},\"inLanguage\":\"cs\",\"potentialAction\":[{\"@type\":\"ReadAction\",\"target\":[\"https:\/\/www.povinneruceni.top\/clanky\/mlada-boleslav-nespi-novy-facelift-superb-zverejneno\/\"]}]},{\"@type\":\"BreadcrumbList\",\"@id\":\"https:\/\/www.povinneruceni.top\/clanky\/mlada-boleslav-nespi-novy-facelift-superb-zverejneno\/#breadcrumb\",\"itemListElement\":[{\"@type\":\"ListItem\",\"position\":1,\"name\":\"Dom\u016f\",\"item\":\"https:\/\/www.povinneruceni.top\/clanky\/\"},{\"@type\":\"ListItem\",\"position\":2,\"name\":\"Mlad\u00e1 Boleslav nesp\u00ed &#8211; nov\u00fd facelift Superb zve\u0159ejn\u011bno\"}]},{\"@type\":\"Person\",\"@id\":\"https:\/\/www.povinneruceni.top\/clanky\/#\/schema\/person\/f10533fb4b423f1f8a91178640719ffd\",\"name\":\"Tom\u00e1\u0161\",\"image\":{\"@type\":\"ImageObject\",\"inLanguage\":\"cs\",\"@id\":\"https:\/\/www.povinneruceni.top\/clanky\/#\/schema\/person\/image\/\",\"url\":\"https:\/\/secure.gravatar.com\/avatar\/10b8a71dd60dfeb871374f346c6dd851?s=96&d=mm&r=g\",\"contentUrl\":\"https:\/\/secure.gravatar.com\/avatar\/10b8a71dd60dfeb871374f346c6dd851?s=96&d=mm&r=g\",\"caption\":\"Tom\u00e1\u0161\"},\"url\":\"https:\/\/www.povinneruceni.top\/clanky\/author\/tomasvhd\/\"}]}<\/script>\n<!-- \/ Yoast SEO plugin. -->","yoast_head_json":{"title":"Mlad\u00e1 Boleslav nesp\u00ed - nov\u00fd facelift Superb zve\u0159ejn\u011bno","robots":{"index":"index","follow":"follow","max-snippet":"max-snippet:-1","max-image-preview":"max-image-preview:large","max-video-preview":"max-video-preview:-1"},"canonical":"https:\/\/www.povinneruceni.top\/clanky\/mlada-boleslav-nespi-novy-facelift-superb-zverejneno\/","og_locale":"cs_CZ","og_type":"article","og_title":"Mlad\u00e1 Boleslav nesp\u00ed - nov\u00fd facelift Superb zve\u0159ejn\u011bno","og_description":"Mladoboleslavsk\u00e1 automobilka neust\u00e1le s ve\u0161ker\u00fdm \u00fasil\u00edm pracuje na zdokonalov\u00e1n\u00ed a z\u00e1rove\u0148 modernizovan\u00ed sv\u00e9ho vozov\u00e9ho parku. Pro tentokr\u00e1t se pomysln\u00e1 ru\u010di\u010dka s p\u0159\u00edslibem technologick\u00e9ho vylep\u0161en\u00ed zastavila na vlajkov\u00e9 lodi Superb.V upraven\u00e9 verzi se m\u00e1 dostat na celosv\u011btov\u00fd trh za\u010d\u00e1tkem roku 2019. Horkou novinkou se v tomto vylep\u0161en\u00ed stane plugin hybridn\u00ed model. 3. generace obl\u00edben\u00e9ho modelu \u0160koda Superb se poprv\u00e9 na sv\u011btlo sv\u011bta dostala ji\u017e roku 2015. Bude tomu tedy \u010dty\u0159i roky co se na podobu vzhledov\u00e9 charakteristiky vozu nes\u00e1hlo. Z tohoto hlediska nast\u00e1v\u00e1 ide\u00e1ln\u00ed doba k ur\u010dit\u00e9mu posunu a k vylad\u011bn\u00ed st\u00e1vaj\u00edc\u00ed podoby za pomoc\u00ed inovovan\u00e9 techniky. Prvn\u00ed informace jsou venku","og_url":"https:\/\/www.povinneruceni.top\/clanky\/mlada-boleslav-nespi-novy-facelift-superb-zverejneno\/","og_site_name":"Povinn\u00e9Ru\u010den\u00ed","article_published_time":"2018-03-20T07:17:52+00:00","article_modified_time":"2018-03-14T11:58:43+00:00","og_image":[{"width":640,"height":480,"url":"https:\/\/www.povinneruceni.top\/clanky\/wp-content\/uploads\/2018\/03\/mlada-boleslav-nespi-novy-facelift-superb-zverejneno.jpg","type":"image\/jpeg"}],"twitter_card":"summary","twitter_misc":{"Napsal(a)":"Tom\u00e1\u0161","Odhadovan\u00e1 doba \u010dten\u00ed":"3 minuty"},"schema":{"@context":"https:\/\/schema.org","@graph":[{"@type":"WebSite","@id":"https:\/\/www.povinneruceni.top\/clanky\/#website","url":"https:\/\/www.povinneruceni.top\/clanky\/","name":"Povinn\u00e9Ru\u010den\u00ed","description":"","potentialAction":[{"@type":"SearchAction","target":{"@type":"EntryPoint","urlTemplate":"https:\/\/www.povinneruceni.top\/clanky\/?s={search_term_string}"},"query-input":"required name=search_term_string"}],"inLanguage":"cs"},{"@type":"ImageObject","inLanguage":"cs","@id":"https:\/\/www.povinneruceni.top\/clanky\/mlada-boleslav-nespi-novy-facelift-superb-zverejneno\/#primaryimage","url":"https:\/\/www.povinneruceni.top\/clanky\/wp-content\/uploads\/2018\/03\/mlada-boleslav-nespi-novy-facelift-superb-zverejneno.jpg","contentUrl":"https:\/\/www.povinneruceni.top\/clanky\/wp-content\/uploads\/2018\/03\/mlada-boleslav-nespi-novy-facelift-superb-zverejneno.jpg","width":640,"height":480,"caption":"Mlad\u00e1 Boleslav nesp\u00ed - nov\u00fd facelift Superb zve\u0159ejn\u011bno"},{"@type":"WebPage","@id":"https:\/\/www.povinneruceni.top\/clanky\/mlada-boleslav-nespi-novy-facelift-superb-zverejneno\/#webpage","url":"https:\/\/www.povinneruceni.top\/clanky\/mlada-boleslav-nespi-novy-facelift-superb-zverejneno\/","name":"Mlad\u00e1 Boleslav nesp\u00ed - nov\u00fd facelift Superb zve\u0159ejn\u011bno","isPartOf":{"@id":"https:\/\/www.povinneruceni.top\/clanky\/#website"},"primaryImageOfPage":{"@id":"https:\/\/www.povinneruceni.top\/clanky\/mlada-boleslav-nespi-novy-facelift-superb-zverejneno\/#primaryimage"},"datePublished":"2018-03-20T07:17:52+00:00","dateModified":"2018-03-14T11:58:43+00:00","author":{"@id":"https:\/\/www.povinneruceni.top\/clanky\/#\/schema\/person\/f10533fb4b423f1f8a91178640719ffd"},"breadcrumb":{"@id":"https:\/\/www.povinneruceni.top\/clanky\/mlada-boleslav-nespi-novy-facelift-superb-zverejneno\/#breadcrumb"},"inLanguage":"cs","potentialAction":[{"@type":"ReadAction","target":["https:\/\/www.povinneruceni.top\/clanky\/mlada-boleslav-nespi-novy-facelift-superb-zverejneno\/"]}]},{"@type":"BreadcrumbList","@id":"https:\/\/www.povinneruceni.top\/clanky\/mlada-boleslav-nespi-novy-facelift-superb-zverejneno\/#breadcrumb","itemListElement":[{"@type":"ListItem","position":1,"name":"Dom\u016f","item":"https:\/\/www.povinneruceni.top\/clanky\/"},{"@type":"ListItem","position":2,"name":"Mlad\u00e1 Boleslav nesp\u00ed &#8211; nov\u00fd facelift Superb zve\u0159ejn\u011bno"}]},{"@type":"Person","@id":"https:\/\/www.povinneruceni.top\/clanky\/#\/schema\/person\/f10533fb4b423f1f8a91178640719ffd","name":"Tom\u00e1\u0161","image":{"@type":"ImageObject","inLanguage":"cs","@id":"https:\/\/www.povinneruceni.top\/clanky\/#\/schema\/person\/image\/","url":"https:\/\/secure.gravatar.com\/avatar\/10b8a71dd60dfeb871374f346c6dd851?s=96&d=mm&r=g","contentUrl":"https:\/\/secure.gravatar.com\/avatar\/10b8a71dd60dfeb871374f346c6dd851?s=96&d=mm&r=g","caption":"Tom\u00e1\u0161"},"url":"https:\/\/www.povinneruceni.top\/clanky\/author\/tomasvhd\/"}]}},"_links":{"self":[{"href":"https:\/\/www.povinneruceni.top\/clanky\/wp-json\/wp\/v2\/posts\/1089"}],"collection":[{"href":"https:\/\/www.povinneruceni.top\/clanky\/wp-json\/wp\/v2\/posts"}],"about":[{"href":"https:\/\/www.povinneruceni.top\/clanky\/wp-json\/wp\/v2\/types\/post"}],"author":[{"embeddable":true,"href":"https:\/\/www.povinneruceni.top\/clanky\/wp-json\/wp\/v2\/users\/1"}],"replies":[{"embeddable":true,"href":"https:\/\/www.povinneruceni.top\/clanky\/wp-json\/wp\/v2\/comments?post=1089"}],"version-history":[{"count":1,"href":"https:\/\/www.povinneruceni.top\/clanky\/wp-json\/wp\/v2\/posts\/1089\/revisions"}],"predecessor-version":[{"id":1090,"href":"https:\/\/www.povinneruceni.top\/clanky\/wp-json\/wp\/v2\/posts\/1089\/revisions\/1090"}],"wp:featuredmedia":[{"embeddable":true,"href":"https:\/\/www.povinneruceni.top\/clanky\/wp-json\/wp\/v2\/media\/1112"}],"wp:attachment":[{"href":"https:\/\/www.povinneruceni.top\/clanky\/wp-json\/wp\/v2\/media?parent=1089"}],"wp:term":[{"taxonomy":"category","embeddable":true,"href":"https:\/\/www.povinneruceni.top\/clanky\/wp-json\/wp\/v2\/categories?post=1089"},{"taxonomy":"post_tag","embeddable":true,"href":"https:\/\/www.povinneruceni.top\/clanky\/wp-json\/wp\/v2\/tags?post=1089"}],"curies":[{"name":"wp","href":"https:\/\/api.w.org\/{rel}","templated":true}]}}