{"id":1024,"date":"2017-12-19T06:47:41","date_gmt":"2017-12-19T04:47:41","guid":{"rendered":"http:\/\/www.povinneruceni.top\/clanky\/?p=1024"},"modified":"2017-12-14T11:53:18","modified_gmt":"2017-12-14T09:53:18","slug":"skodovka-planuje-predstavit-serii-elektrickych-vozidel","status":"publish","type":"post","link":"https:\/\/www.povinneruceni.top\/clanky\/skodovka-planuje-predstavit-serii-elektrickych-vozidel\/","title":{"rendered":"\u0160kodovka pl\u00e1nuje p\u0159edstavit s\u00e9rii elektrick\u00fdch vozidel"},"content":{"rendered":"<p><strong>Mladoboleslavsk\u00e1 automobilka je spole\u010dnost\u00ed modern\u011b vzkv\u00e9taj\u00edc\u00edho pr\u016fmyslu, na kterou mohou b\u00fdt \u010ce\u0161i po pr\u00e1vu hrd\u00ed. Dok\u00e1zala se b\u011bhem n\u011bkolika dek\u00e1d vyhoupnout a po technologick\u00e9 a prodejn\u00ed str\u00e1nce dorovnat p\u0159edn\u00ed v\u00fdrobce sou\u010dasn\u00fdch aut. Se \u0160kodovou se po\u010d\u00edt\u00e1 na cel\u00e9m sv\u011bt\u011b a nikdo nen\u00ed na pochyb\u00e1ch, \u017ee by se za oponou nep\u0159ipravovaly prvn\u00ed n\u00e1vrhy tolik o\u010dek\u00e1van\u00fdch elektrick\u00fdch model\u016f. Tento pohon vzbuzuje \u010distotu, sn\u00ed\u017een\u00e9 ekologick\u00e9 zat\u00ed\u017een\u00ed na \u017eivotn\u00ed prost\u0159ed\u00ed a mnohem \u00fasporn\u011bj\u0161\u00ed provoz. Pro v\u00fdrobce samoz\u0159ejm\u011b ohromn\u00e9 zisky.<\/strong><\/p>\n<h3>V\u0161e se zah\u00e1j\u00ed rokem 2020<\/h3>\n<p>Od roku 2020 se Auto \u0160koda nechala sly\u0161et, \u017ee zah\u00e1j\u00ed v\u00fdrobu vozidel s \u010dist\u011b elektrick\u00fdm pohonem ve sv\u00fdch z\u00e1vodech. Krom\u011b toho se v tomto z\u00e1vod\u011b od roku 2019 spust\u00ed i v\u00fdroba elektrick\u00fdch komponent\u016f pro plug-in hybridy. Prvn\u00ed takto s\u00e9riov\u011b elektrifikovan\u00fd model se stane \u0160koda Superb, kter\u00fd bude co nevid\u011bt sj\u00ed\u017ed\u011bt v\u00fdrobn\u00ed linky v Kvasin\u00e1ch.<\/p>\n<p>Pokud v\u00e1s tento \u010dl\u00e1nek trochu zasko\u010dil a vyvolal ve v\u00e1s rozep\u0159i a otazn\u00edky ohledn\u011b model\u016f aut s klasick\u00fdm pohonem, tak v\u0161e uvedeme na pravou m\u00edru. Auto \u0160koda ani po roce 2020 nepl\u00e1nuje zastavovat v\u00fdrobu tradi\u010dn\u00edch naftov\u00fdch a benz\u00ednov\u00fdch vozidel. Samoz\u0159ejm\u011b se bude sledovat popt\u00e1vka s prodejnost\u00ed a dle t\u011bchto na\u010derpan\u00fdch \u00fadaj\u016f se budou odv\u00edjet kroky v n\u00e1sleduj\u00edc\u00edch letech.<\/p>\n<h3>Prvn\u00ed elektrick\u00fd model v roce 2020<\/h3>\n<p>Auto \u0160koda potvrzuje, \u017ee prvn\u00ed elektrick\u00fd model sjede z v\u00fdrobn\u00edch linek v Mlad\u00e9 Boleslavi po roce 2020. P\u0159ed n\u011bkolika dny p\u0159edstavila \u0160koda na autosal\u00f3nu v \u0160anghaji studii pod ozna\u010den\u00edm Vision E, kter\u00e1 slou\u017e\u00ed jako n\u00e1stroj k p\u0159edstaven\u00ed v\u0161ech pl\u00e1n\u016f do budoucnosti s autonomn\u00ed j\u00edzdou za pomoc\u00ed elektrick\u00e9ho pohonu.<\/p>\n<h3>P\u011bt typ\u016f vozidel v roce 2025<\/h3>\n<p>Automobilka \u0160koda nad\u00e1le prozrazuje, \u017ee do roku 2025 chce sv\u011btu p\u0159edstavit celkem 5 odli\u0161n\u00fdch model\u016f s \u010dist\u011b elektrick\u00fdm pohonem v nejr\u016fzn\u011bj\u0161\u00edch segmentech. D\u00edky tomuto marketingov\u00e9mu byznys pl\u00e1nu si ka\u017ed\u00fd potenci\u00e1ln\u00ed klient p\u0159ijde na sv\u00e9 a bude m\u00edt mo\u017enost se ztoto\u017enit s p\u0159edlo\u017eenou nab\u00eddkou. Koncern tak vyjad\u0159uje \u010desk\u00fdm v\u00fdrobn\u00edm technik\u016fm a oper\u00e1tor\u016fm velkou d\u016fv\u011bru a vkl\u00e1d\u00e1 jim mo\u017enost svou \u0160kodu zviditelnit ve vlastn\u00ed v\u00fdrobn\u00ed hale na \u00fazem\u00ed \u010cesk\u00e9 republiky. Volkswagen se netaj\u00ed t\u00edm, \u017ee elektrick\u00e9 pohony a jejich pl\u00e1novan\u00e1 v\u00fdroba a v\u00fdvoj pat\u0159\u00ed mezi nejd\u016fle\u017eit\u011bj\u0161\u00ed pil\u00ed\u0159e spole\u010dnosti v\u016fbec.<\/p>\n<h3>Investice do v\u00fdvoje<\/h3>\n<p>Volkswagen dokonce schv\u00e1lil investi\u010dn\u00ed rozpo\u010det v rozsahu 1,8 bilion\u016f korun, kter\u00e9 pl\u00e1nuje vno\u0159it do v\u00fdvoje elektrick\u00fdch pohon\u016f do roku 2022, \u010d\u00edm\u017e d\u00e1v\u00e1 sv\u00e9 konkurenci najevo, \u017ee tento n\u011bmeck\u00fd pakt se \u0160kodovkou chce atakovat v\u016fd\u010d\u00ed postaven\u00ed na evropsk\u00e9m trhu s automobily. O pr\u016fb\u011bhu a v\u00fdvoji elektrick\u00fdch pohon\u016f v mladoboleslavsk\u00e9m z\u00e1vod\u011b v\u00e1s budeme samoz\u0159ejm\u011b pravideln\u011b informovat.<\/p>\n\n<div class=\"kk-star-ratings\n     kksr-valign-bottom     kksr-align-left    \"\n    data-payload=\"{&quot;align&quot;:&quot;left&quot;,&quot;id&quot;:&quot;1024&quot;,&quot;slug&quot;:&quot;default&quot;,&quot;valign&quot;:&quot;bottom&quot;,&quot;reference&quot;:&quot;auto&quot;,&quot;count&quot;:&quot;1&quot;,&quot;readonly&quot;:&quot;&quot;,&quot;score&quot;:&quot;5&quot;,&quot;best&quot;:&quot;5&quot;,&quot;gap&quot;:&quot;5&quot;,&quot;greet&quot;:&quot;Rate this post&quot;,&quot;legend&quot;:&quot;5\\\/5 - (1 vote)&quot;,&quot;size&quot;:&quot;24&quot;,&quot;width&quot;:&quot;142.5&quot;,&quot;_legend&quot;:&quot;{score}\\\/{best} - ({count} {votes})&quot;}\">\n    \n<div class=\"kksr-stars\">\n    \n<div class=\"kksr-stars-inactive\">\n            <div class=\"kksr-star\" data-star=\"1\" style=\"padding-right: 5px\">\n            \n\n<div class=\"kksr-icon\" style=\"width: 24px; height: 24px;\"><\/div>\n        <\/div>\n            <div class=\"kksr-star\" data-star=\"2\" style=\"padding-right: 5px\">\n            \n\n<div class=\"kksr-icon\" style=\"width: 24px; height: 24px;\"><\/div>\n        <\/div>\n            <div class=\"kksr-star\" data-star=\"3\" style=\"padding-right: 5px\">\n            \n\n<div class=\"kksr-icon\" style=\"width: 24px; height: 24px;\"><\/div>\n        <\/div>\n            <div class=\"kksr-star\" data-star=\"4\" style=\"padding-right: 5px\">\n            \n\n<div class=\"kksr-icon\" style=\"width: 24px; height: 24px;\"><\/div>\n        <\/div>\n            <div class=\"kksr-star\" data-star=\"5\" style=\"padding-right: 5px\">\n            \n\n<div class=\"kksr-icon\" style=\"width: 24px; height: 24px;\"><\/div>\n        <\/div>\n    <\/div>\n    \n<div class=\"kksr-stars-active\" style=\"width: 142.5px;\">\n            <div class=\"kksr-star\" style=\"padding-right: 5px\">\n            \n\n<div class=\"kksr-icon\" style=\"width: 24px; height: 24px;\"><\/div>\n        <\/div>\n            <div class=\"kksr-star\" style=\"padding-right: 5px\">\n            \n\n<div class=\"kksr-icon\" style=\"width: 24px; height: 24px;\"><\/div>\n        <\/div>\n            <div class=\"kksr-star\" style=\"padding-right: 5px\">\n            \n\n<div class=\"kksr-icon\" style=\"width: 24px; height: 24px;\"><\/div>\n        <\/div>\n            <div class=\"kksr-star\" style=\"padding-right: 5px\">\n            \n\n<div class=\"kksr-icon\" style=\"width: 24px; height: 24px;\"><\/div>\n        <\/div>\n            <div class=\"kksr-star\" style=\"padding-right: 5px\">\n            \n\n<div class=\"kksr-icon\" style=\"width: 24px; height: 24px;\"><\/div>\n        <\/div>\n    <\/div>\n<\/div>\n    \n<div class=\"kksr-legend\">\n            5\/5 - (1 vote)    <\/div>\n<\/div>\n","protected":false},"excerpt":{"rendered":"<p>Mladoboleslavsk\u00e1 automobilka je spole\u010dnost\u00ed modern\u011b vzkv\u00e9taj\u00edc\u00edho pr\u016fmyslu, na kterou mohou b\u00fdt \u010ce\u0161i po pr\u00e1vu hrd\u00ed. Dok\u00e1zala se b\u011bhem n\u011bkolika dek\u00e1d vyhoupnout a po technologick\u00e9 a prodejn\u00ed str\u00e1nce dorovnat p\u0159edn\u00ed v\u00fdrobce sou\u010dasn\u00fdch aut. Se \u0160kodovou se po\u010d\u00edt\u00e1 na cel\u00e9m sv\u011bt\u011b a nikdo nen\u00ed na pochyb\u00e1ch, \u017ee by se za oponou nep\u0159ipravovaly prvn\u00ed n\u00e1vrhy tolik o\u010dek\u00e1van\u00fdch elektrick\u00fdch model\u016f. Tento pohon vzbuzuje \u010distotu, sn\u00ed\u017een\u00e9 ekologick\u00e9 zat\u00ed\u017een\u00ed na \u017eivotn\u00ed prost\u0159ed\u00ed a mnohem \u00fasporn\u011bj\u0161\u00ed provoz. Pro v\u00fdrobce samoz\u0159ejm\u011b ohromn\u00e9 zisky. V\u0161e se zah\u00e1j\u00ed rokem 2020 Od roku 2020 se Auto \u0160koda nechala sly\u0161et, \u017ee zah\u00e1j\u00ed v\u00fdrobu vozidel s \u010dist\u011b elektrick\u00fdm pohonem ve sv\u00fdch z\u00e1vodech. Krom\u011b <\/p>\n","protected":false},"author":1,"featured_media":905,"comment_status":"open","ping_status":"open","sticky":false,"template":"","format":"standard","meta":[],"categories":[1,4],"tags":[],"yoast_head":"<!-- This site is optimized with the Yoast SEO plugin v19.0 - https:\/\/yoast.com\/wordpress\/plugins\/seo\/ -->\n<title>\u0160kodovka pl\u00e1nuje p\u0159edstavit s\u00e9rii elektrick\u00fdch vozidel<\/title>\n<meta name=\"robots\" content=\"index, follow, max-snippet:-1, max-image-preview:large, max-video-preview:-1\" \/>\n<link rel=\"canonical\" href=\"https:\/\/www.povinneruceni.top\/clanky\/skodovka-planuje-predstavit-serii-elektrickych-vozidel\/\" \/>\n<meta property=\"og:locale\" content=\"cs_CZ\" \/>\n<meta property=\"og:type\" content=\"article\" \/>\n<meta property=\"og:title\" content=\"\u0160kodovka pl\u00e1nuje p\u0159edstavit s\u00e9rii elektrick\u00fdch vozidel\" \/>\n<meta property=\"og:description\" content=\"Mladoboleslavsk\u00e1 automobilka je spole\u010dnost\u00ed modern\u011b vzkv\u00e9taj\u00edc\u00edho pr\u016fmyslu, na kterou mohou b\u00fdt \u010ce\u0161i po pr\u00e1vu hrd\u00ed. Dok\u00e1zala se b\u011bhem n\u011bkolika dek\u00e1d vyhoupnout a po technologick\u00e9 a prodejn\u00ed str\u00e1nce dorovnat p\u0159edn\u00ed v\u00fdrobce sou\u010dasn\u00fdch aut. Se \u0160kodovou se po\u010d\u00edt\u00e1 na cel\u00e9m sv\u011bt\u011b a nikdo nen\u00ed na pochyb\u00e1ch, \u017ee by se za oponou nep\u0159ipravovaly prvn\u00ed n\u00e1vrhy tolik o\u010dek\u00e1van\u00fdch elektrick\u00fdch model\u016f. Tento pohon vzbuzuje \u010distotu, sn\u00ed\u017een\u00e9 ekologick\u00e9 zat\u00ed\u017een\u00ed na \u017eivotn\u00ed prost\u0159ed\u00ed a mnohem \u00fasporn\u011bj\u0161\u00ed provoz. Pro v\u00fdrobce samoz\u0159ejm\u011b ohromn\u00e9 zisky. V\u0161e se zah\u00e1j\u00ed rokem 2020 Od roku 2020 se Auto \u0160koda nechala sly\u0161et, \u017ee zah\u00e1j\u00ed v\u00fdrobu vozidel s \u010dist\u011b elektrick\u00fdm pohonem ve sv\u00fdch z\u00e1vodech. Krom\u011b\" \/>\n<meta property=\"og:url\" content=\"https:\/\/www.povinneruceni.top\/clanky\/skodovka-planuje-predstavit-serii-elektrickych-vozidel\/\" \/>\n<meta property=\"og:site_name\" content=\"Povinn\u00e9Ru\u010den\u00ed\" \/>\n<meta property=\"article:published_time\" content=\"2017-12-19T04:47:41+00:00\" \/>\n<meta property=\"article:modified_time\" content=\"2017-12-14T09:53:18+00:00\" \/>\n<meta property=\"og:image\" content=\"https:\/\/www.povinneruceni.top\/clanky\/wp-content\/uploads\/2017\/09\/\u0160koda-VisionE.jpg\" \/>\n\t<meta property=\"og:image:width\" content=\"640\" \/>\n\t<meta property=\"og:image:height\" content=\"480\" \/>\n\t<meta property=\"og:image:type\" content=\"image\/jpeg\" \/>\n<meta name=\"twitter:card\" content=\"summary\" \/>\n<meta name=\"twitter:label1\" content=\"Napsal(a)\" \/>\n\t<meta name=\"twitter:data1\" content=\"Tom\u00e1\u0161\" \/>\n\t<meta name=\"twitter:label2\" content=\"Odhadovan\u00e1 doba \u010dten\u00ed\" \/>\n\t<meta name=\"twitter:data2\" content=\"3 minuty\" \/>\n<script type=\"application\/ld+json\" class=\"yoast-schema-graph\">{\"@context\":\"https:\/\/schema.org\",\"@graph\":[{\"@type\":\"WebSite\",\"@id\":\"https:\/\/www.povinneruceni.top\/clanky\/#website\",\"url\":\"https:\/\/www.povinneruceni.top\/clanky\/\",\"name\":\"Povinn\u00e9Ru\u010den\u00ed\",\"description\":\"\",\"potentialAction\":[{\"@type\":\"SearchAction\",\"target\":{\"@type\":\"EntryPoint\",\"urlTemplate\":\"https:\/\/www.povinneruceni.top\/clanky\/?s={search_term_string}\"},\"query-input\":\"required name=search_term_string\"}],\"inLanguage\":\"cs\"},{\"@type\":\"ImageObject\",\"inLanguage\":\"cs\",\"@id\":\"https:\/\/www.povinneruceni.top\/clanky\/skodovka-planuje-predstavit-serii-elektrickych-vozidel\/#primaryimage\",\"url\":\"https:\/\/www.povinneruceni.top\/clanky\/wp-content\/uploads\/2017\/09\/\u0160koda-VisionE.jpg\",\"contentUrl\":\"https:\/\/www.povinneruceni.top\/clanky\/wp-content\/uploads\/2017\/09\/\u0160koda-VisionE.jpg\",\"width\":640,\"height\":480,\"caption\":\"\u0160koda VisionE\"},{\"@type\":\"WebPage\",\"@id\":\"https:\/\/www.povinneruceni.top\/clanky\/skodovka-planuje-predstavit-serii-elektrickych-vozidel\/#webpage\",\"url\":\"https:\/\/www.povinneruceni.top\/clanky\/skodovka-planuje-predstavit-serii-elektrickych-vozidel\/\",\"name\":\"\u0160kodovka pl\u00e1nuje p\u0159edstavit s\u00e9rii elektrick\u00fdch vozidel\",\"isPartOf\":{\"@id\":\"https:\/\/www.povinneruceni.top\/clanky\/#website\"},\"primaryImageOfPage\":{\"@id\":\"https:\/\/www.povinneruceni.top\/clanky\/skodovka-planuje-predstavit-serii-elektrickych-vozidel\/#primaryimage\"},\"datePublished\":\"2017-12-19T04:47:41+00:00\",\"dateModified\":\"2017-12-14T09:53:18+00:00\",\"author\":{\"@id\":\"https:\/\/www.povinneruceni.top\/clanky\/#\/schema\/person\/f10533fb4b423f1f8a91178640719ffd\"},\"breadcrumb\":{\"@id\":\"https:\/\/www.povinneruceni.top\/clanky\/skodovka-planuje-predstavit-serii-elektrickych-vozidel\/#breadcrumb\"},\"inLanguage\":\"cs\",\"potentialAction\":[{\"@type\":\"ReadAction\",\"target\":[\"https:\/\/www.povinneruceni.top\/clanky\/skodovka-planuje-predstavit-serii-elektrickych-vozidel\/\"]}]},{\"@type\":\"BreadcrumbList\",\"@id\":\"https:\/\/www.povinneruceni.top\/clanky\/skodovka-planuje-predstavit-serii-elektrickych-vozidel\/#breadcrumb\",\"itemListElement\":[{\"@type\":\"ListItem\",\"position\":1,\"name\":\"Dom\u016f\",\"item\":\"https:\/\/www.povinneruceni.top\/clanky\/\"},{\"@type\":\"ListItem\",\"position\":2,\"name\":\"\u0160kodovka pl\u00e1nuje p\u0159edstavit s\u00e9rii elektrick\u00fdch vozidel\"}]},{\"@type\":\"Person\",\"@id\":\"https:\/\/www.povinneruceni.top\/clanky\/#\/schema\/person\/f10533fb4b423f1f8a91178640719ffd\",\"name\":\"Tom\u00e1\u0161\",\"image\":{\"@type\":\"ImageObject\",\"inLanguage\":\"cs\",\"@id\":\"https:\/\/www.povinneruceni.top\/clanky\/#\/schema\/person\/image\/\",\"url\":\"https:\/\/secure.gravatar.com\/avatar\/10b8a71dd60dfeb871374f346c6dd851?s=96&d=mm&r=g\",\"contentUrl\":\"https:\/\/secure.gravatar.com\/avatar\/10b8a71dd60dfeb871374f346c6dd851?s=96&d=mm&r=g\",\"caption\":\"Tom\u00e1\u0161\"},\"url\":\"https:\/\/www.povinneruceni.top\/clanky\/author\/tomasvhd\/\"}]}<\/script>\n<!-- \/ Yoast SEO plugin. -->","yoast_head_json":{"title":"\u0160kodovka pl\u00e1nuje p\u0159edstavit s\u00e9rii elektrick\u00fdch vozidel","robots":{"index":"index","follow":"follow","max-snippet":"max-snippet:-1","max-image-preview":"max-image-preview:large","max-video-preview":"max-video-preview:-1"},"canonical":"https:\/\/www.povinneruceni.top\/clanky\/skodovka-planuje-predstavit-serii-elektrickych-vozidel\/","og_locale":"cs_CZ","og_type":"article","og_title":"\u0160kodovka pl\u00e1nuje p\u0159edstavit s\u00e9rii elektrick\u00fdch vozidel","og_description":"Mladoboleslavsk\u00e1 automobilka je spole\u010dnost\u00ed modern\u011b vzkv\u00e9taj\u00edc\u00edho pr\u016fmyslu, na kterou mohou b\u00fdt \u010ce\u0161i po pr\u00e1vu hrd\u00ed. Dok\u00e1zala se b\u011bhem n\u011bkolika dek\u00e1d vyhoupnout a po technologick\u00e9 a prodejn\u00ed str\u00e1nce dorovnat p\u0159edn\u00ed v\u00fdrobce sou\u010dasn\u00fdch aut. Se \u0160kodovou se po\u010d\u00edt\u00e1 na cel\u00e9m sv\u011bt\u011b a nikdo nen\u00ed na pochyb\u00e1ch, \u017ee by se za oponou nep\u0159ipravovaly prvn\u00ed n\u00e1vrhy tolik o\u010dek\u00e1van\u00fdch elektrick\u00fdch model\u016f. Tento pohon vzbuzuje \u010distotu, sn\u00ed\u017een\u00e9 ekologick\u00e9 zat\u00ed\u017een\u00ed na \u017eivotn\u00ed prost\u0159ed\u00ed a mnohem \u00fasporn\u011bj\u0161\u00ed provoz. Pro v\u00fdrobce samoz\u0159ejm\u011b ohromn\u00e9 zisky. V\u0161e se zah\u00e1j\u00ed rokem 2020 Od roku 2020 se Auto \u0160koda nechala sly\u0161et, \u017ee zah\u00e1j\u00ed v\u00fdrobu vozidel s \u010dist\u011b elektrick\u00fdm pohonem ve sv\u00fdch z\u00e1vodech. Krom\u011b","og_url":"https:\/\/www.povinneruceni.top\/clanky\/skodovka-planuje-predstavit-serii-elektrickych-vozidel\/","og_site_name":"Povinn\u00e9Ru\u010den\u00ed","article_published_time":"2017-12-19T04:47:41+00:00","article_modified_time":"2017-12-14T09:53:18+00:00","og_image":[{"width":640,"height":480,"url":"https:\/\/www.povinneruceni.top\/clanky\/wp-content\/uploads\/2017\/09\/\u0160koda-VisionE.jpg","type":"image\/jpeg"}],"twitter_card":"summary","twitter_misc":{"Napsal(a)":"Tom\u00e1\u0161","Odhadovan\u00e1 doba \u010dten\u00ed":"3 minuty"},"schema":{"@context":"https:\/\/schema.org","@graph":[{"@type":"WebSite","@id":"https:\/\/www.povinneruceni.top\/clanky\/#website","url":"https:\/\/www.povinneruceni.top\/clanky\/","name":"Povinn\u00e9Ru\u010den\u00ed","description":"","potentialAction":[{"@type":"SearchAction","target":{"@type":"EntryPoint","urlTemplate":"https:\/\/www.povinneruceni.top\/clanky\/?s={search_term_string}"},"query-input":"required name=search_term_string"}],"inLanguage":"cs"},{"@type":"ImageObject","inLanguage":"cs","@id":"https:\/\/www.povinneruceni.top\/clanky\/skodovka-planuje-predstavit-serii-elektrickych-vozidel\/#primaryimage","url":"https:\/\/www.povinneruceni.top\/clanky\/wp-content\/uploads\/2017\/09\/\u0160koda-VisionE.jpg","contentUrl":"https:\/\/www.povinneruceni.top\/clanky\/wp-content\/uploads\/2017\/09\/\u0160koda-VisionE.jpg","width":640,"height":480,"caption":"\u0160koda VisionE"},{"@type":"WebPage","@id":"https:\/\/www.povinneruceni.top\/clanky\/skodovka-planuje-predstavit-serii-elektrickych-vozidel\/#webpage","url":"https:\/\/www.povinneruceni.top\/clanky\/skodovka-planuje-predstavit-serii-elektrickych-vozidel\/","name":"\u0160kodovka pl\u00e1nuje p\u0159edstavit s\u00e9rii elektrick\u00fdch vozidel","isPartOf":{"@id":"https:\/\/www.povinneruceni.top\/clanky\/#website"},"primaryImageOfPage":{"@id":"https:\/\/www.povinneruceni.top\/clanky\/skodovka-planuje-predstavit-serii-elektrickych-vozidel\/#primaryimage"},"datePublished":"2017-12-19T04:47:41+00:00","dateModified":"2017-12-14T09:53:18+00:00","author":{"@id":"https:\/\/www.povinneruceni.top\/clanky\/#\/schema\/person\/f10533fb4b423f1f8a91178640719ffd"},"breadcrumb":{"@id":"https:\/\/www.povinneruceni.top\/clanky\/skodovka-planuje-predstavit-serii-elektrickych-vozidel\/#breadcrumb"},"inLanguage":"cs","potentialAction":[{"@type":"ReadAction","target":["https:\/\/www.povinneruceni.top\/clanky\/skodovka-planuje-predstavit-serii-elektrickych-vozidel\/"]}]},{"@type":"BreadcrumbList","@id":"https:\/\/www.povinneruceni.top\/clanky\/skodovka-planuje-predstavit-serii-elektrickych-vozidel\/#breadcrumb","itemListElement":[{"@type":"ListItem","position":1,"name":"Dom\u016f","item":"https:\/\/www.povinneruceni.top\/clanky\/"},{"@type":"ListItem","position":2,"name":"\u0160kodovka pl\u00e1nuje p\u0159edstavit s\u00e9rii elektrick\u00fdch vozidel"}]},{"@type":"Person","@id":"https:\/\/www.povinneruceni.top\/clanky\/#\/schema\/person\/f10533fb4b423f1f8a91178640719ffd","name":"Tom\u00e1\u0161","image":{"@type":"ImageObject","inLanguage":"cs","@id":"https:\/\/www.povinneruceni.top\/clanky\/#\/schema\/person\/image\/","url":"https:\/\/secure.gravatar.com\/avatar\/10b8a71dd60dfeb871374f346c6dd851?s=96&d=mm&r=g","contentUrl":"https:\/\/secure.gravatar.com\/avatar\/10b8a71dd60dfeb871374f346c6dd851?s=96&d=mm&r=g","caption":"Tom\u00e1\u0161"},"url":"https:\/\/www.povinneruceni.top\/clanky\/author\/tomasvhd\/"}]}},"_links":{"self":[{"href":"https:\/\/www.povinneruceni.top\/clanky\/wp-json\/wp\/v2\/posts\/1024"}],"collection":[{"href":"https:\/\/www.povinneruceni.top\/clanky\/wp-json\/wp\/v2\/posts"}],"about":[{"href":"https:\/\/www.povinneruceni.top\/clanky\/wp-json\/wp\/v2\/types\/post"}],"author":[{"embeddable":true,"href":"https:\/\/www.povinneruceni.top\/clanky\/wp-json\/wp\/v2\/users\/1"}],"replies":[{"embeddable":true,"href":"https:\/\/www.povinneruceni.top\/clanky\/wp-json\/wp\/v2\/comments?post=1024"}],"version-history":[{"count":1,"href":"https:\/\/www.povinneruceni.top\/clanky\/wp-json\/wp\/v2\/posts\/1024\/revisions"}],"predecessor-version":[{"id":1025,"href":"https:\/\/www.povinneruceni.top\/clanky\/wp-json\/wp\/v2\/posts\/1024\/revisions\/1025"}],"wp:featuredmedia":[{"embeddable":true,"href":"https:\/\/www.povinneruceni.top\/clanky\/wp-json\/wp\/v2\/media\/905"}],"wp:attachment":[{"href":"https:\/\/www.povinneruceni.top\/clanky\/wp-json\/wp\/v2\/media?parent=1024"}],"wp:term":[{"taxonomy":"category","embeddable":true,"href":"https:\/\/www.povinneruceni.top\/clanky\/wp-json\/wp\/v2\/categories?post=1024"},{"taxonomy":"post_tag","embeddable":true,"href":"https:\/\/www.povinneruceni.top\/clanky\/wp-json\/wp\/v2\/tags?post=1024"}],"curies":[{"name":"wp","href":"https:\/\/api.w.org\/{rel}","templated":true}]}}